{"id":17947,"date":"2018-02-07T13:50:56","date_gmt":"2018-02-07T16:50:56","guid":{"rendered":"http:\/\/www.adufpb.org.br\/site\/?p=17947"},"modified":"2018-02-07T13:53:20","modified_gmt":"2018-02-07T16:53:20","slug":"pro-reitoria-apresenta-novos-prazos-referentes-a-extensao","status":"publish","type":"post","link":"https:\/\/www.adufpb.org.br\/site\/pro-reitoria-apresenta-novos-prazos-referentes-a-extensao\/","title":{"rendered":"Pr\u00f3-Reitoria apresenta novos prazos referentes \u00e0 Extens\u00e3o"},"content":{"rendered":"<p dir=\"ltr\">A Pr\u00f3-Reitoria de Extens\u00e3o e Assuntos Comunit\u00e1rios esclareceu em of\u00edcio enviado no \u00faltimo dia 29\/01 \u00e0 ADUFPB que as datas limites para entrega de relat\u00f3rios e ades\u00e3o de novos projetos de extens\u00e3o foram definidas e publicadas pelo PROBEX em abril de 2017.<\/p>\n<p dir=\"ltr\">Esse of\u00edcio \u00e9 uma resposta a uma solicita\u00e7\u00e3o de revis\u00e3o de prazos feita pela ADUFPB que atendeu alguns docentes associados reclamaram que os tais prazos finais haviam ca\u00eddo justamente no per\u00edodo de f\u00e9rias legais.<\/p>\n<p dir=\"ltr\">A Pr\u00f3-Reitoria de Extens\u00e3o e Assuntos Comunit\u00e1rios informou ainda que em \u201cface do novo cen\u00e1rio de aumento da vig\u00eancia dos projetos de extens\u00e3o\u201d vai se esfor\u00e7ar, em conjunto com a Superintend\u00eancia de Tecnologia da Informa\u00e7\u00e3o \u2013 STI, para alterar par\u00e2metros no SIGAA que permitam a prorroga\u00e7\u00e3o do envio dos relat\u00f3rios finais dos projetos PROBEX 2017 at\u00e9 o dia 30 de mar\u00e7o de 2018, sem preju\u00edzo das submiss\u00f5es ao Edital PROBEX 2018.<\/p>\n<p dir=\"ltr\"><strong>Confira o teor do of\u00edcio abaixo:<\/strong><\/p>\n<p dir=\"ltr\"><em>Prezados Dirigentes da Diretoria Executiva da ADUFPB\/SSind,<\/em><\/p>\n<p dir=\"ltr\"><em>Ao cumpriment\u00e1-los cordialmente, agradecemos a iniciativa dessa Diretoria de nos acionar a respeito de quest\u00f5es concernentes a extens\u00e3o universit\u00e1ria reivindicadas por alguns docentes filiado(a)s.<\/em><\/p>\n<p dir=\"ltr\"><em>Sobre as quest\u00f5es levantadas passamos a fazer os seguintes esclarecimentos:<\/em><\/p>\n<p dir=\"ltr\"><em>1. A Pr\u00f3-Reitoria de Extens\u00e3o e Assuntos Comunit\u00e1rios em momento algum cobrou por meio de documento oficial a entrega do relat\u00f3rio at\u00e9 o dia 31 de janeiro de 2018. Tal data foi pr\u00e9-estabelecida no Edital PROBEX 2017, publicado no site da PRAC no dia 03\/04\/2017 e retificado no dia 24\/04\/2017, constando o prazo no cronograma do referido edital.<\/em><\/p>\n<p dir=\"ltr\"><em>2. Em 19 de Outubro de 2017, a Pr\u00f3-Reitoria de Gest\u00e3o de Pessoas publicou a Portaria PROGEP\/GAB No 2830\/2017 que disp\u00f5e sobre a programa\u00e7\u00e3o de f\u00e9rias dos servidores t\u00e9cnico-administrativos e docentes para o Exerc\u00edcio 2018.<\/em><\/p>\n<p dir=\"ltr\"><em>3. A partir do conhecimento da supramencionada Portaria, no in\u00edcio do m\u00eas de dezembro de 2017, a PRAC por meio da Coordena\u00e7\u00e3o de Programas e A\u00e7\u00e3o Comunit\u00e1ria enviou e-mail \u00e0s Assessorias de Extens\u00e3o de cada Centro de Ensino, recomendando ampla divulga\u00e7\u00e3o junto aos docentes coordenadores de Projetos de Extens\u00e3o para que estes conclu\u00edssem suas a\u00e7\u00f5es com envio de relat\u00f3rio final at\u00e9 o fim do Exerc\u00edcio 2017, viabilizando os relat\u00f3rios de gest\u00e3o e possibilitando a certifica\u00e7\u00e3o das equipes extensionistas.<\/em><\/p>\n<p dir=\"ltr\"><em>4. A partir da implanta\u00e7\u00e3o do SIGAA \u2013 M\u00f3dulo de Extens\u00e3o, ocorrido em fevereiro de 2017, n\u00e3o \u00e9 permitida a submiss\u00e3o de projetos a novos editais sem o encerramento por meio do envio e aprova\u00e7\u00e3o de relat\u00f3rios finais das a\u00e7\u00f5es do exerc\u00edcio anterior. O sistema j\u00e1 possu\u00eda uma programa\u00e7\u00e3o de permiss\u00f5es e impedimentos parametrizados conforme o cronograma do Edital.<\/em><\/p>\n<p dir=\"ltr\"><em>5. Esta Pr\u00f3-Reitoria no intuito de fortalecer a extens\u00e3o universit\u00e1ria, aumentou o per\u00edodo de vig\u00eancia dos projetos e das bolsas para o Exerc\u00edcio 2018 de oito para dez meses, o que representa um grande investimento e valoriza\u00e7\u00e3o da extens\u00e3o. Consequentemente, o Edital PROBEX 2018 j\u00e1 se encontra publicado no site da PRAC para conhecimento e divulga\u00e7\u00e3o do seus prazos, como tamb\u00e9m de crit\u00e9rios, procedimentos e orienta\u00e7\u00f5es para submiss\u00e3o de novas propostas. Tal calend\u00e1rio estabelece o per\u00edodo de submiss\u00e3o de 01 a 18 de fevereiro do corrente ano.<\/em><\/p>\n<p dir=\"ltr\"><em>6. Face ao novo cen\u00e1rio de aumento da vig\u00eancia dos projetos de extens\u00e3o, esta Pr\u00f3-Reitoria vai envidar esfor\u00e7os, em conjunto com a Superintend\u00eancia de Tecnologia da Informa\u00e7\u00e3o \u2013 STI, no sentido de alterar par\u00e2metros no SIGAA que permitam<strong> a prorroga\u00e7\u00e3o do envio dos relat\u00f3rios finais dos projetos PROBEX 2017 at\u00e9 o dia 30 de mar\u00e7o de 2018, sem preju\u00edzo das submiss\u00f5es ao Edital PROBEX 2018<\/strong>.<\/em><\/p>\n<p dir=\"ltr\"><em>7. Vale ressaltar que esta Pr\u00f3-Reitoria tem feito uma gest\u00e3o compartilhada, democr\u00e1tica e colaborativa com os extensionistas, buscando sempre o di\u00e1logo na defini\u00e7\u00e3o das pol\u00edticas, como na programa\u00e7\u00e3o dos eventos acad\u00eamicos, em reuni\u00f5es e encontros sistem\u00e1ticos com o Comit\u00ea Assessor de Extens\u00e3o constitu\u00eddo por representantes de todos os 16 Centros, das Escolas T\u00e9cnicas e do Hospital Universit\u00e1rio, em prol de cumprir com a miss\u00e3o da UFPB em fortalecer a rela\u00e7\u00e3o transformadora entre universidade e sociedade.<\/em><\/p>\n<p dir=\"ltr\"><em>Com estes esclarecimentos, solicitamos a esta Diretoria que proceda com ampla divulga\u00e7\u00e3o junto aos seus filiados.<\/em><\/p>\n<p dir=\"ltr\"><em>FONTE: ADUFPB<\/em><\/p>\n","protected":false},"excerpt":{"rendered":"<p>A Pr\u00f3-Reitoria de Extens\u00e3o e Assuntos Comunit\u00e1rios esclareceu em of\u00edcio enviado no \u00faltimo dia 29\/01 \u00e0 ADUFPB que as datas limites para entrega de relat\u00f3rios e ades\u00e3o de novos projetos de extens\u00e3o foram definidas e publicadas pelo PROBEX em abril de 2017. Esse of\u00edcio \u00e9 uma resposta a uma solicita\u00e7\u00e3o de revis\u00e3o de prazos feita&hellip;<\/p>\n","protected":false},"author":8,"featured_media":0,"comment_status":"closed","ping_status":"closed","sticky":false,"template":"","format":"standard","meta":{"footnotes":""},"categories":[15],"tags":[25],"class_list":["post-17947","post","type-post","status-publish","format-standard","hentry","category-noticias","tag-carreira-docente","category-15","description-off"],"_links":{"self":[{"href":"https:\/\/www.adufpb.org.br\/site\/wp-json\/wp\/v2\/posts\/17947","targetHints":{"allow":["GET"]}}],"collection":[{"href":"https:\/\/www.adufpb.org.br\/site\/wp-json\/wp\/v2\/posts"}],"about":[{"href":"https:\/\/www.adufpb.org.br\/site\/wp-json\/wp\/v2\/types\/post"}],"author":[{"embeddable":true,"href":"https:\/\/www.adufpb.org.br\/site\/wp-json\/wp\/v2\/users\/8"}],"replies":[{"embeddable":true,"href":"https:\/\/www.adufpb.org.br\/site\/wp-json\/wp\/v2\/comments?post=17947"}],"version-history":[{"count":2,"href":"https:\/\/www.adufpb.org.br\/site\/wp-json\/wp\/v2\/posts\/17947\/revisions"}],"predecessor-version":[{"id":17950,"href":"https:\/\/www.adufpb.org.br\/site\/wp-json\/wp\/v2\/posts\/17947\/revisions\/17950"}],"wp:attachment":[{"href":"https:\/\/www.adufpb.org.br\/site\/wp-json\/wp\/v2\/media?parent=17947"}],"wp:term":[{"taxonomy":"category","embeddable":true,"href":"https:\/\/www.adufpb.org.br\/site\/wp-json\/wp\/v2\/categories?post=17947"},{"taxonomy":"post_tag","embeddable":true,"href":"https:\/\/www.adufpb.org.br\/site\/wp-json\/wp\/v2\/tags?post=17947"}],"curies":[{"name":"wp","href":"https:\/\/api.w.org\/{rel}","templated":true}]}}