{"id":17917,"date":"2018-02-02T10:01:43","date_gmt":"2018-02-02T13:01:43","guid":{"rendered":"http:\/\/www.adufpb.org.br\/site\/?p=17917"},"modified":"2018-02-02T10:40:11","modified_gmt":"2018-02-02T13:40:11","slug":"adufpb-convoca-para-assembleia-geral-na-terca-feira-602","status":"publish","type":"post","link":"https:\/\/www.adufpb.org.br\/site\/adufpb-convoca-para-assembleia-geral-na-terca-feira-602\/","title":{"rendered":"ADUFPB convoca para assembleia geral na ter\u00e7a-feira 6\/02"},"content":{"rendered":"<p>A ADUFPB convoca seus associados para uma uma assembleia geral na pr\u00f3xima ter\u00e7a-feira, 6\/02, quando ser\u00e3o feitos alguns informes, al\u00e9m de uma avalia\u00e7\u00e3o do que foi apresentado no 37\u00ba Congresso do ANDES-SN (Salvador\u2013BA) e tamb\u00e9m ser\u00e1 discutida a mobiliza\u00e7\u00e3o dos trabalhadores contra vota\u00e7\u00e3o da \u201cReforma da Previd\u00eancia\u201d.<\/p>\n<p>Em Jo\u00e3o Pessoa, a reuni\u00e3o acontecer\u00e1 no audit\u00f3rio da Reitoria a partir das 9h e no campus do Litoral Norte ser\u00e1 a partir das 16h, na sede da Subsecretaria da ADUFPB, em Mamanguape. Nos demais campi n\u00e3o haver\u00e1 reuni\u00e3o por conta do recesso.<\/p>\n<p>S\u00e3o dias decisivos para os trabalhadores e trabalhadoras de nosso pa\u00eds. Os direitos que deveriam avan\u00e7ar qualitativamente, aperfei\u00e7oando e valorizando o mundo do trabalho e seus desdobramentos (a Previd\u00eancia tamb\u00e9m entra nessa quest\u00e3o) s\u00e3o alijados exponencialmente, criando uma massa de explorados sem perspectiva.<\/p>\n<p>A Reforma da Previd\u00eancia \u00e9 um dos pilares dos direitos sociais, onde se pretende monetizar a nossa seguridade social, lan\u00e7ado os trabalhadores e as trabalhadoras para um mar de pen\u00faria, incertezas e precariza\u00e7\u00e3o. Mobilizar \u00e9 mais que necess\u00e1rio&#8230;\u00e9 vital.<\/p>\n<p>O dia 19 de fevereiro \u00e9 a data anunciada pelos deputados governistas para a vota\u00e7\u00e3o da Reforma da Previd\u00eancia. A presen\u00e7a dos professores na assembleia \u00e9 fundamental para que possamos tra\u00e7ar estrat\u00e9gias contra essa reforma que se imp\u00f5e.<\/p>\n<p>Professor (a)! Contribua com as discuss\u00f5es sobre o tema. Traga sua determina\u00e7\u00e3o e disposi\u00e7\u00e3o para enfrentarmos mais este ataque severo contra os direitos da classe trabalhadora. Nosso sindicato \u00e9 luta! Nossos direitos s\u00e3o nossas conquistas!<\/p>\n<p><strong>ASSEMBLEIA GERAL DA ADUFPB<\/strong><br \/>\n06\/02\/2018 (ter\u00e7a-feira)<br \/>\n<strong>Jo\u00e3o Pessoa<\/strong><br \/>\nAudit\u00f3rio da Reitoria \u2013 A partir das 9h<\/p>\n<p><strong>Litoral Norte \u2013 \u00c0 tarde<\/strong><br \/>\nSede da Subsecretaria da ADUFPB \u2013 Mamanguape<br \/>\nA partir das 16h<\/p>\n<p><strong>Pauta:<\/strong><br \/>\n1- Informes<br \/>\n2- Avalia\u00e7\u00e3o do 37\u00ba Congresso do ANDES-SN (Salvador \u2013 BA)<br \/>\n3- Mobiliza\u00e7\u00e3o dos trabalhadores contra vota\u00e7\u00e3o da \u201cReforma da Previd\u00eancia\u201d<br \/>\n4- Encaminhamentos<\/p>\n<p><em>Fonte: Ascom ADUFPB<\/em><\/p>\n","protected":false},"excerpt":{"rendered":"<p>A ADUFPB convoca seus associados para uma uma assembleia geral na pr\u00f3xima ter\u00e7a-feira, 6\/02, quando ser\u00e3o feitos alguns informes, al\u00e9m de uma avalia\u00e7\u00e3o do que foi apresentado no 37\u00ba Congresso do ANDES-SN (Salvador\u2013BA) e tamb\u00e9m ser\u00e1 discutida a mobiliza\u00e7\u00e3o dos trabalhadores contra vota\u00e7\u00e3o da \u201cReforma da Previd\u00eancia\u201d. Em Jo\u00e3o Pessoa, a reuni\u00e3o acontecer\u00e1 no audit\u00f3rio&hellip;<\/p>\n","protected":false},"author":8,"featured_media":17927,"comment_status":"closed","ping_status":"closed","sticky":false,"template":"","format":"standard","meta":{"footnotes":""},"categories":[3,15,417],"tags":[816,95,199,294],"class_list":["post-17917","post","type-post","status-publish","format-standard","has-post-thumbnail","hentry","category-adufpb","category-noticias","category-noticias-destaque","tag-assembleia","tag-assembleias","tag-previdencia","tag-reforma-da-previdencia","category-3","category-15","category-417","description-off"],"_links":{"self":[{"href":"https:\/\/www.adufpb.org.br\/site\/wp-json\/wp\/v2\/posts\/17917","targetHints":{"allow":["GET"]}}],"collection":[{"href":"https:\/\/www.adufpb.org.br\/site\/wp-json\/wp\/v2\/posts"}],"about":[{"href":"https:\/\/www.adufpb.org.br\/site\/wp-json\/wp\/v2\/types\/post"}],"author":[{"embeddable":true,"href":"https:\/\/www.adufpb.org.br\/site\/wp-json\/wp\/v2\/users\/8"}],"replies":[{"embeddable":true,"href":"https:\/\/www.adufpb.org.br\/site\/wp-json\/wp\/v2\/comments?post=17917"}],"version-history":[{"count":4,"href":"https:\/\/www.adufpb.org.br\/site\/wp-json\/wp\/v2\/posts\/17917\/revisions"}],"predecessor-version":[{"id":17926,"href":"https:\/\/www.adufpb.org.br\/site\/wp-json\/wp\/v2\/posts\/17917\/revisions\/17926"}],"wp:featuredmedia":[{"embeddable":true,"href":"https:\/\/www.adufpb.org.br\/site\/wp-json\/wp\/v2\/media\/17927"}],"wp:attachment":[{"href":"https:\/\/www.adufpb.org.br\/site\/wp-json\/wp\/v2\/media?parent=17917"}],"wp:term":[{"taxonomy":"category","embeddable":true,"href":"https:\/\/www.adufpb.org.br\/site\/wp-json\/wp\/v2\/categories?post=17917"},{"taxonomy":"post_tag","embeddable":true,"href":"https:\/\/www.adufpb.org.br\/site\/wp-json\/wp\/v2\/tags?post=17917"}],"curies":[{"name":"wp","href":"https:\/\/api.w.org\/{rel}","templated":true}]}}