{"id":17905,"date":"2018-01-26T12:04:54","date_gmt":"2018-01-26T15:04:54","guid":{"rendered":"http:\/\/www.adufpb.org.br\/site\/?p=17905"},"modified":"2018-01-26T12:04:54","modified_gmt":"2018-01-26T15:04:54","slug":"adufpb-pede-revisao-de-prazos-de-entrega-dos-relatorios-de-projetos-extensao","status":"publish","type":"post","link":"https:\/\/www.adufpb.org.br\/site\/adufpb-pede-revisao-de-prazos-de-entrega-dos-relatorios-de-projetos-extensao\/","title":{"rendered":"AdufPB pede revis\u00e3o de prazos de entrega dos relat\u00f3rios de projetos extens\u00e3o"},"content":{"rendered":"<p>A AdufPB solicitou formalmente que sejam revistos os prazos referentes a entrega de relat\u00f3rios e ades\u00e3o \u00e0 novos projetos na quinta-feira (25). O pedido foi encaminhado ao pr\u00f3-reitor de Extens\u00e3o e Assuntos Comunit\u00e1rios da UFPB e atende in\u00fameros filiados que reclamaram do fato de a data limite estar dentro do per\u00edodo de f\u00e9rias.<\/p>\n<p>Os professores apontam que as datas limites n\u00e3o se adequaram ao cronograma acad\u00eamico da universidade, caindo em meio \u00e0s f\u00e9rias. E cobram que a categoria possa apresentar os devidos relat\u00f3rios e novas propostas sem preju\u00edzo ao per\u00edodo de f\u00e9rias legais.<\/p>\n<p>Para o professor Dr. Marcello Bulh\u00f5es, que tem 22 anos de extens\u00e3o no curr\u00edculo, \u201cdeveriam ter mais sensibilidade, respeito, e porque n\u00e3o dizer, bom senso para com quem move esta UFPB para frente\u201d.<\/p>\n<p>Os docentes foram notificados pela administra\u00e7\u00e3o sobre o encerramento do prazo marcado para o fim de janeiro. Na correspond\u00eancia enviada ao professor Bulh\u00f5es, o lembrete veio junto com um pedido de desculpas por estar sendo enviado no m\u00eas de f\u00e9rias.<\/p>\n<p>A\u00a0AdufPB solicitou, ainda, que seja dada ampla divulga\u00e7\u00e3o a um novo calend\u00e1rio que contemple um prazo m\u00ednimo de elabora\u00e7\u00e3o dos relat\u00f3rios, que respeite o semestre acad\u00eamico, \u201cpois desta forma estaremos garantindo condi\u00e7\u00f5es m\u00ednimas de trabalho aos docentes da UFPB\u201d.<\/p>\n<p><em>FONTE: ADUFPB<\/em><\/p>\n","protected":false},"excerpt":{"rendered":"<p>A AdufPB solicitou formalmente que sejam revistos os prazos referentes a entrega de relat\u00f3rios e ades\u00e3o \u00e0 novos projetos na quinta-feira (25). O pedido foi encaminhado ao pr\u00f3-reitor de Extens\u00e3o e Assuntos Comunit\u00e1rios da UFPB e atende in\u00fameros filiados que reclamaram do fato de a data limite estar dentro do per\u00edodo de f\u00e9rias. Os professores&hellip;<\/p>\n","protected":false},"author":8,"featured_media":0,"comment_status":"closed","ping_status":"closed","sticky":false,"template":"","format":"standard","meta":{"footnotes":""},"categories":[3,15],"tags":[25],"class_list":["post-17905","post","type-post","status-publish","format-standard","hentry","category-adufpb","category-noticias","tag-carreira-docente","category-3","category-15","description-off"],"_links":{"self":[{"href":"https:\/\/www.adufpb.org.br\/site\/wp-json\/wp\/v2\/posts\/17905","targetHints":{"allow":["GET"]}}],"collection":[{"href":"https:\/\/www.adufpb.org.br\/site\/wp-json\/wp\/v2\/posts"}],"about":[{"href":"https:\/\/www.adufpb.org.br\/site\/wp-json\/wp\/v2\/types\/post"}],"author":[{"embeddable":true,"href":"https:\/\/www.adufpb.org.br\/site\/wp-json\/wp\/v2\/users\/8"}],"replies":[{"embeddable":true,"href":"https:\/\/www.adufpb.org.br\/site\/wp-json\/wp\/v2\/comments?post=17905"}],"version-history":[{"count":4,"href":"https:\/\/www.adufpb.org.br\/site\/wp-json\/wp\/v2\/posts\/17905\/revisions"}],"predecessor-version":[{"id":17909,"href":"https:\/\/www.adufpb.org.br\/site\/wp-json\/wp\/v2\/posts\/17905\/revisions\/17909"}],"wp:attachment":[{"href":"https:\/\/www.adufpb.org.br\/site\/wp-json\/wp\/v2\/media?parent=17905"}],"wp:term":[{"taxonomy":"category","embeddable":true,"href":"https:\/\/www.adufpb.org.br\/site\/wp-json\/wp\/v2\/categories?post=17905"},{"taxonomy":"post_tag","embeddable":true,"href":"https:\/\/www.adufpb.org.br\/site\/wp-json\/wp\/v2\/tags?post=17905"}],"curies":[{"name":"wp","href":"https:\/\/api.w.org\/{rel}","templated":true}]}}