{"id":17894,"date":"2018-01-23T10:28:58","date_gmt":"2018-01-23T13:28:58","guid":{"rendered":"http:\/\/www.adufpb.org.br\/site\/?p=17894"},"modified":"2018-01-23T10:37:07","modified_gmt":"2018-01-23T13:37:07","slug":"docentes-debatem-conjuntura-e-aprovam-centralidade-da-luta-para-2018","status":"publish","type":"post","link":"https:\/\/www.adufpb.org.br\/site\/docentes-debatem-conjuntura-e-aprovam-centralidade-da-luta-para-2018\/","title":{"rendered":"Docentes debatem conjuntura e aprovam centralidade da luta para 2018"},"content":{"rendered":"<p>Durante todo o per\u00edodo da tarde e noite dessa segunda-feira (22), os mais de 550 delegados e observadores inscritos, at\u00e9 o momento, no 37\u00ba Congresso debateram os textos apresentados por docentes de diversas se\u00e7\u00f5es sindicais, com diferentes an\u00e1lises da conjuntura nacional, internacional e do movimento docente.<\/p>\n<p>Dos 10 textos enviados ao Caderno do 37\u00ba Congresso, um foi remetido \u00e0 plen\u00e1ria do Tema 2, por solicita\u00e7\u00e3o dos\u00a0 autores da Associa\u00e7\u00e3o dos Docentes e Profissionais da Educa\u00e7\u00e3o a Dist\u00e2ncia do Rio de Janeiro &#8211; Se\u00e7\u00e3o Sindical do ANDES-SN (Adopead SSind.), e o texto 9 n\u00e3o foi defendido pela aus\u00eancia dos autores.<\/p>\n<p>Durante mais de cinco horas, os participantes expressaram as diferentes an\u00e1lises de conjuntura e debateram quest\u00f5es como as contrarreformas impostas aos trabalhadores pelo governo de Michel Temer, as retiradas de direitos promovidas pelos governos anteriores e suas consequ\u00eancias para o setor da educa\u00e7\u00e3o, al\u00e9m da Justi\u00e7a seletiva e do julgamento do ex-presidente Lu\u00eds In\u00e1cio Lula da Silva, que pode resultar no impedimento de sua candidatura.<\/p>\n<p>Foram abordados tamb\u00e9m os ataques promovidos pelos governos estaduais, a situa\u00e7\u00e3o dos trabalhadores aposentados e pensionistas, a necessidade de constru\u00e7\u00e3o de uma nova greve geral para barrar a Reforma da Previd\u00eancia, e ainda, o papel do Sindicato Nacional nesses processos e a participa\u00e7\u00e3o em diversas lutas e a\u00e7\u00f5es de resist\u00eancia contra os retrocessos. Foi destacada, tamb\u00e9m, a situa\u00e7\u00e3o dos trabalhadores na Am\u00e9rica Latina.<\/p>\n<p>Ap\u00f3s mais de 50 interven\u00e7\u00f5es, os delegados aprovaram, como centralidade da luta do Sindicato Nacional para 2018: \u201cFortalecer a unidade de a\u00e7\u00e3o com os setores dispostos a barrar e revogar as contrarreformas. Construir as lutas e a greve do funcionalismo p\u00fablico federal, estadual e municipal em defesa da educa\u00e7\u00e3o e dos servi\u00e7os p\u00fablicos e da garantia de direitos, rumo a uma nova greve geral. Fora Temer. Nenhum direito a menos.\u201d<\/p>\n<p><strong>Mo\u00e7\u00e3o contra a seletividade da Justi\u00e7a no julgamento do ex-presidente Lula<\/strong><\/p>\n<p>Ainda na Plen\u00e1ria do Tema 1, foram apresentadas tr\u00eas mo\u00e7\u00f5es relativas ao julgamento em 2\u00aa inst\u00e2ncia de Lu\u00eds In\u00e1cio Lula da Silva, marcado para quarta-feira (24). Os delegados aprovaram, por maioria, se manifestar sobre o julgamento do ex-presidente, marcado para ocorrer no TRF4 no pr\u00f3ximo dia 24 de janeiro.<\/p>\n<p>A mo\u00e7\u00e3o aprovada destaque que, como o sindicato j\u00e1 denunciou no 61\u00ba CONAD, na atual conjuntura explicita-se e aprofunda-se o alinhamento pol\u00edtico entre os poderes executivo, legislativo, judici\u00e1rio e a grande m\u00eddia, com destaque para a a\u00e7\u00e3o do Supremo Tribunal Federal (STF), ampliando-se para segmentos do Minist\u00e9rio P\u00fablico e da Pol\u00edcia Federal, que demonstram total subordina\u00e7\u00e3o aos interesses pol\u00edticos dos representantes do capital.<\/p>\n<p>\u201cA condena\u00e7\u00e3o de Lula, seletiva e com fins eleitorais, se confirmada em segunda inst\u00e2ncia, \u00e9 mais um ataque \u00e0s poucas liberdades democr\u00e1ticas conquistadas e pode servir para o aprofundamento da criminaliza\u00e7\u00e3o das lutas sociais. Posicionar-se contra a seletividade da justi\u00e7a que, neste caso, pode inviabilizar a candidatura de Lula, reafirma a hist\u00f3rica postura deste Sindicato em defesa da democracia. Isto n\u00e3o significa nem pode resultar em apoio a qualquer candidato\/a no pleito eleitoral de 2018. Ao contr\u00e1rio, o ANDES-SN deve se manter aut\u00f4nomo e independente de partidos, governos, religi\u00f5es e reitorias e reafirmar a necessidade de constru\u00e7\u00e3o de uma alternativa classista dos\/das trabalhadores\/as, a qual n\u00e3o pode ser assumida nem pelo neoliberalismo, nem pela sua variante da concilia\u00e7\u00e3o de classe\u201d, afirma o texto. <a href=\"http:\/\/portal.andes.org.br\/imprensa\/noticias\/imp-ult-416452573.pdf\" target=\"_blank\">Confira aqui a \u00edntegra da mo\u00e7\u00e3o<\/a>.<\/p>\n<p><em>FONTE: ANDES-SN<\/em><\/p>\n","protected":false},"excerpt":{"rendered":"<p>Durante todo o per\u00edodo da tarde e noite dessa segunda-feira (22), os mais de 550 delegados e observadores inscritos, at\u00e9 o momento, no 37\u00ba Congresso debateram os textos apresentados por docentes de diversas se\u00e7\u00f5es sindicais, com diferentes an\u00e1lises da conjuntura nacional, internacional e do movimento docente. Dos 10 textos enviados ao Caderno do 37\u00ba Congresso,&hellip;<\/p>\n","protected":false},"author":8,"featured_media":17885,"comment_status":"closed","ping_status":"closed","sticky":false,"template":"","format":"standard","meta":{"footnotes":""},"categories":[15],"tags":[92,25,100,269],"class_list":["post-17894","post","type-post","status-publish","format-standard","has-post-thumbnail","hentry","category-noticias","tag-andes","tag-carreira-docente","tag-congresso","tag-congresso-do-andes","category-15","description-off"],"_links":{"self":[{"href":"https:\/\/www.adufpb.org.br\/site\/wp-json\/wp\/v2\/posts\/17894","targetHints":{"allow":["GET"]}}],"collection":[{"href":"https:\/\/www.adufpb.org.br\/site\/wp-json\/wp\/v2\/posts"}],"about":[{"href":"https:\/\/www.adufpb.org.br\/site\/wp-json\/wp\/v2\/types\/post"}],"author":[{"embeddable":true,"href":"https:\/\/www.adufpb.org.br\/site\/wp-json\/wp\/v2\/users\/8"}],"replies":[{"embeddable":true,"href":"https:\/\/www.adufpb.org.br\/site\/wp-json\/wp\/v2\/comments?post=17894"}],"version-history":[{"count":1,"href":"https:\/\/www.adufpb.org.br\/site\/wp-json\/wp\/v2\/posts\/17894\/revisions"}],"predecessor-version":[{"id":17895,"href":"https:\/\/www.adufpb.org.br\/site\/wp-json\/wp\/v2\/posts\/17894\/revisions\/17895"}],"wp:featuredmedia":[{"embeddable":true,"href":"https:\/\/www.adufpb.org.br\/site\/wp-json\/wp\/v2\/media\/17885"}],"wp:attachment":[{"href":"https:\/\/www.adufpb.org.br\/site\/wp-json\/wp\/v2\/media?parent=17894"}],"wp:term":[{"taxonomy":"category","embeddable":true,"href":"https:\/\/www.adufpb.org.br\/site\/wp-json\/wp\/v2\/categories?post=17894"},{"taxonomy":"post_tag","embeddable":true,"href":"https:\/\/www.adufpb.org.br\/site\/wp-json\/wp\/v2\/tags?post=17894"}],"curies":[{"name":"wp","href":"https:\/\/api.w.org\/{rel}","templated":true}]}}