{"id":17875,"date":"2018-01-22T09:30:02","date_gmt":"2018-01-22T12:30:02","guid":{"rendered":"http:\/\/www.adufpb.org.br\/site\/?p=17875"},"modified":"2018-01-22T09:44:29","modified_gmt":"2018-01-22T12:44:29","slug":"nota-da-diretoria-do-andes-sn-sobre-o-julgamento-de-lula","status":"publish","type":"post","link":"https:\/\/www.adufpb.org.br\/site\/nota-da-diretoria-do-andes-sn-sobre-o-julgamento-de-lula\/","title":{"rendered":"ANDES-SN divulga nota sobre o julgamento de Lula"},"content":{"rendered":"<p>Sindicato Nacional dos Docentes das Institui\u00e7\u00f5es de Ensino Superior &#8211; ANDES-SN divulga nota a respeito do julgamento do ex-presidente Luiz In\u00e1cio Lula da Silva marcado para ocorrer no TRF4, no pr\u00f3ximo dia 24 de janeiro. Segundo a nota, o julgamento \u00e9 &#8220;seletivo e com fins eleitorais, se confirmada em segunda inst\u00e2ncia, e mais um ataque \u00e0s poucas liberdades democr\u00e1ticas conquistadas e pode servir para o aprofundamento da criminaliza\u00e7\u00e3o das lutas sociais.&#8221;<\/p>\n<p>&nbsp;<\/p>\n<p>Segue abaixo nota na \u00edntegra:<\/p>\n<p><strong><\/strong>A Diretoria Nacional do ANDES-SN, em reuni\u00e3o preparat\u00f3ria ao 37\u00ba Congresso Nacional da entidade, que vai discutir as pr\u00f3ximas a\u00e7\u00f5es do movimento docente na luta por direitos dos\/as trabalhadores\/as e em defesa da educa\u00e7\u00e3o p\u00fablica, vem se manifestar sobre o julgamento do ex-presidente Luiz In\u00e1cio Lula da Silva marcado para ocorrer em segunda inst\u00e2ncia no TRF4, no pr\u00f3ximo dia 24 de janeiro.<\/p>\n<p>Como j\u00e1 denunciamos no 61\u00ba CONAD, compreendemos que na atual conjuntura explicita-se e aprofunda-se o alinhamento pol\u00edtico entre os poderes executivo, legislativo, judici\u00e1rio e a grande m\u00eddia, com destaque para a a\u00e7\u00e3o do Supremo Tribunal Federal (STF), ampliando-se para segmentos do Minist\u00e9rio P\u00fablico e da Pol\u00edcia Federal, que demonstram total subordina\u00e7\u00e3o aos interesses pol\u00edticos dos representantes do capital.<\/p>\n<p>Reconhecemos a celeridade e a seletividade da justi\u00e7a em condenar Lula, ao mesmo tempo em que nega a investiga\u00e7\u00e3o de pol\u00edticos de partidos burgueses tradicionais como os representantes do PSDB e do pr\u00f3prio Temer. Sabemos, ainda, que essa seletividade \u00e9 muito mais perversa para o conjunto da classe trabalhadora, como no caso de Rafael Braga. A celeridade, um princ\u00edpio necess\u00e1rio \u00e0 justi\u00e7a, n\u00e3o pode ser usada casuisticamente, no caso de Lula, mas deveria se aplicar a todos os casos, em especial aos de desvio de verbas p\u00fablicas e nos processos que reivindicam direitos dos trabalhadores. Sabemos que o que est\u00e1 em jogo \u00e9 o processo de disputa eleitoral em 2018.<\/p>\n<p>A condena\u00e7\u00e3o de Lula, seletiva e com fins eleitorais, se confirmada em segunda inst\u00e2ncia, \u00e9 mais um ataque \u00e0s poucas liberdades democr\u00e1ticas conquistadas e pode servir para o aprofundamento da criminaliza\u00e7\u00e3o das lutas sociais. Posicionar-se contra a seletividade da justi\u00e7a que, neste caso, pode inviabilizar a candidatura de Lula, reafirma a hist\u00f3rica postura do nosso Sindicato em defesa da democracia. Isto n\u00e3o significa, nem pode resultar em apoio a qualquer candidato\/a no pleito eleitoral de 2018. Ao contr\u00e1rio, o ANDES-SN deve se manter aut\u00f4nomo e independente de partidos, governos, religi\u00f5es e reitorias e reafirmar a necessidade de constru\u00e7\u00e3o de uma alternativa classista dos\/das trabalhadores\/as, a qual n\u00e3o pode ser assumida nem pelo neoliberalismo, nem pela sua variante da concilia\u00e7\u00e3o de classe.<\/p>\n<p>Para a constru\u00e7\u00e3o de um projeto que interesse aos\/\u00e0s trabalhadores\/as, \u00e9 necess\u00e1rio avan\u00e7ar no processo de reorganiza\u00e7\u00e3o da classe, na luta para derrotar as contrarreformas, em especial a da previd\u00eancia, e revogar de imediato as j\u00e1 realizadas. Para isso, \u00e9 necess\u00e1rio nos mantermos mobilizados\/as e nas ruas, convocando nossa categoria a dar respostas contundentes aos retrocessos, defender, preservar e avan\u00e7ar na constru\u00e7\u00e3o da democracia, barrar todo e qualquer tipo de autoritarismo e construir um projeto estrat\u00e9gico para a classe.<\/p>\n<p>Para derrotar os retrocessos, a contrarreforma da previd\u00eancia, a justi\u00e7a seletiva e as arbitrariedades, \u00e9 necess\u00e1rio fortalecer as m\u00faltiplas lutas que est\u00e3o acontecendo e reafirmamos a necessidade de uma nova greve geral no primeiro semestre de 2018, junto com as centrais sindicais e movimentos sociais, e ampliar a mobiliza\u00e7\u00e3o dos\/as trabalhadores\/as.<\/p>\n<p>Salvador, 19 de janeiro de 2018<br \/>\nDiretoria do ANDES &#8211; Sindicato Nacional<\/p>\n<p><em>Fonte: ANDES-SN<\/em><\/p>\n","protected":false},"excerpt":{"rendered":"<p>Sindicato Nacional dos Docentes das Institui\u00e7\u00f5es de Ensino Superior &#8211; ANDES-SN divulga nota a respeito do julgamento do ex-presidente Luiz In\u00e1cio Lula da Silva marcado para ocorrer no TRF4, no pr\u00f3ximo dia 24 de janeiro. Segundo a nota, o julgamento \u00e9 &#8220;seletivo e com fins eleitorais, se confirmada em segunda inst\u00e2ncia, e mais um ataque&hellip;<\/p>\n","protected":false},"author":8,"featured_media":17876,"comment_status":"closed","ping_status":"closed","sticky":false,"template":"","format":"standard","meta":{"footnotes":""},"categories":[15],"tags":[92,26],"class_list":["post-17875","post","type-post","status-publish","format-standard","has-post-thumbnail","hentry","category-noticias","tag-andes","tag-mobilizacao","category-15","description-off"],"_links":{"self":[{"href":"https:\/\/www.adufpb.org.br\/site\/wp-json\/wp\/v2\/posts\/17875","targetHints":{"allow":["GET"]}}],"collection":[{"href":"https:\/\/www.adufpb.org.br\/site\/wp-json\/wp\/v2\/posts"}],"about":[{"href":"https:\/\/www.adufpb.org.br\/site\/wp-json\/wp\/v2\/types\/post"}],"author":[{"embeddable":true,"href":"https:\/\/www.adufpb.org.br\/site\/wp-json\/wp\/v2\/users\/8"}],"replies":[{"embeddable":true,"href":"https:\/\/www.adufpb.org.br\/site\/wp-json\/wp\/v2\/comments?post=17875"}],"version-history":[{"count":3,"href":"https:\/\/www.adufpb.org.br\/site\/wp-json\/wp\/v2\/posts\/17875\/revisions"}],"predecessor-version":[{"id":17879,"href":"https:\/\/www.adufpb.org.br\/site\/wp-json\/wp\/v2\/posts\/17875\/revisions\/17879"}],"wp:featuredmedia":[{"embeddable":true,"href":"https:\/\/www.adufpb.org.br\/site\/wp-json\/wp\/v2\/media\/17876"}],"wp:attachment":[{"href":"https:\/\/www.adufpb.org.br\/site\/wp-json\/wp\/v2\/media?parent=17875"}],"wp:term":[{"taxonomy":"category","embeddable":true,"href":"https:\/\/www.adufpb.org.br\/site\/wp-json\/wp\/v2\/categories?post=17875"},{"taxonomy":"post_tag","embeddable":true,"href":"https:\/\/www.adufpb.org.br\/site\/wp-json\/wp\/v2\/tags?post=17875"}],"curies":[{"name":"wp","href":"https:\/\/api.w.org\/{rel}","templated":true}]}}