{"id":17859,"date":"2018-01-05T11:48:52","date_gmt":"2018-01-05T14:48:52","guid":{"rendered":"http:\/\/www.adufpb.org.br\/site\/?p=17859"},"modified":"2018-01-05T12:09:34","modified_gmt":"2018-01-05T15:09:34","slug":"agenda-adufpb-2018-comeca-a-ser-distribuida-na-proxima-segunda-feira","status":"publish","type":"post","link":"https:\/\/www.adufpb.org.br\/site\/agenda-adufpb-2018-comeca-a-ser-distribuida-na-proxima-segunda-feira\/","title":{"rendered":"Agenda ADUFPB 2018 come\u00e7a a ser distribu\u00edda na pr\u00f3xima segunda-feira"},"content":{"rendered":"<p>A partir da pr\u00f3xima segunda-feira (8\/1), os professores sindicalizados j\u00e1 podem solicitar um exemplar da Agenda ADUFPB 2018. A distribui\u00e7\u00e3o ser\u00e1 feita na sede da entidade das 8h \u00e0s 18h. Este ano, a agenda tem na capa a foto intitulada \u201cMem\u00f3ria e resist\u00eancia: \u00edndio da tribo Potiguara \u2013 Para\u00edba\u201d, de autoria da professora Mauric\u00e9lia Cordeira da Silva, do departamento de Servi\u00e7o Social (CCHLA). Ela foi a imagem escolhida entre tr\u00eas fotografias selecionadas pela Comiss\u00e3o Julgadora do 6\u00ba Concurso Cultural de Fotografia, realizado pelo sindicato, por 106 docentes filiados a ADUFPB que participaram de uma consulta realizada atrav\u00e9s de e-mail e enviada para todos os docentes.<\/p>\n<p>At\u00e9 o dia do encerramento da escolha, 237 filiados j\u00e1 haviam respondido qual seria o layout e a imagem mais indicada para compor a capa da agenda. Tamb\u00e9m ilustram a publica\u00e7\u00e3o outras imagens inscritas no concurso, poemas e frases enviados por colaboradores. A agenda da ADUFPB \u00e9 produzida por uma Comiss\u00e3o Editorial formada por professores e funcion\u00e1rios do sindicato.<\/p>\n<p><a href=\"http:\/\/www.adufpb.org.br\/site\/wp-content\/uploads\/2018\/01\/agendas_internas-2.jpeg\"><img loading=\"lazy\" decoding=\"async\" class=\"alignright size-medium wp-image-17861\" alt=\"Mem\u00f3ria e resist\u00eancia: \u00edndio da tribo Potiguara \u2013 Para\u00edba\" src=\"http:\/\/www.adufpb.org.br\/site\/wp-content\/uploads\/2018\/01\/agendas_internas-2-225x300.jpeg\" width=\"225\" height=\"300\" srcset=\"https:\/\/www.adufpb.org.br\/site\/wp-content\/uploads\/2018\/01\/agendas_internas-2-225x300.jpeg 225w, https:\/\/www.adufpb.org.br\/site\/wp-content\/uploads\/2018\/01\/agendas_internas-2-768x1024.jpeg 768w, https:\/\/www.adufpb.org.br\/site\/wp-content\/uploads\/2018\/01\/agendas_internas-2.jpeg 960w\" sizes=\"auto, (max-width: 225px) 100vw, 225px\" \/><\/a>A sexta edi\u00e7\u00e3o do concurso fotogr\u00e1fico recebeu mais de 160 imagens para concorrer \u00e0 capa da agenda, com participa\u00e7\u00e3o de mais de 50 docentes filiados ao sindicato. O concurso \u00e9 uma promo\u00e7\u00e3o cultural da ADUFPB para estimular a produ\u00e7\u00e3o imag\u00e9tica dos docentes da UFPB.<\/p>\n<p>Todo professor filiado recebe um exemplar gratuitamente. A agenda da ADUFPB \u00e9 uma publica\u00e7\u00e3o exclusiva e com design personalizado que traz, al\u00e9m do calend\u00e1rio di\u00e1rio para anota\u00e7\u00f5es, informa\u00e7\u00f5es \u00fateis para os docentes como telefones dos departamentos dos campi da UFPB, calend\u00e1rio da Lua, entre outros. A agenda se destaca das outras publica\u00e7\u00f5es do sindicato por ser ilustrada com as imagens inscritas no concurso de fotografia e com poemas enviados por professores, voluntariamente.<\/p>\n<p><em>Fonte: Ascom ADUFPB<\/em><\/p>\n","protected":false},"excerpt":{"rendered":"<p>A partir da pr\u00f3xima segunda-feira (8\/1), os professores sindicalizados j\u00e1 podem solicitar um exemplar da Agenda ADUFPB 2018. A distribui\u00e7\u00e3o ser\u00e1 feita na sede da entidade das 8h \u00e0s 18h. Este ano, a agenda tem na capa a foto intitulada \u201cMem\u00f3ria e resist\u00eancia: \u00edndio da tribo Potiguara \u2013 Para\u00edba\u201d, de autoria da professora Mauric\u00e9lia Cordeira&hellip;<\/p>\n","protected":false},"author":8,"featured_media":17863,"comment_status":"closed","ping_status":"closed","sticky":false,"template":"","format":"standard","meta":{"footnotes":""},"categories":[15,417],"tags":[807,276,251],"class_list":["post-17859","post","type-post","status-publish","format-standard","has-post-thumbnail","hentry","category-noticias","category-noticias-destaque","tag-agenda","tag-agenda-adufpb","tag-concurso-de-fotografia","category-15","category-417","description-off"],"_links":{"self":[{"href":"https:\/\/www.adufpb.org.br\/site\/wp-json\/wp\/v2\/posts\/17859","targetHints":{"allow":["GET"]}}],"collection":[{"href":"https:\/\/www.adufpb.org.br\/site\/wp-json\/wp\/v2\/posts"}],"about":[{"href":"https:\/\/www.adufpb.org.br\/site\/wp-json\/wp\/v2\/types\/post"}],"author":[{"embeddable":true,"href":"https:\/\/www.adufpb.org.br\/site\/wp-json\/wp\/v2\/users\/8"}],"replies":[{"embeddable":true,"href":"https:\/\/www.adufpb.org.br\/site\/wp-json\/wp\/v2\/comments?post=17859"}],"version-history":[{"count":6,"href":"https:\/\/www.adufpb.org.br\/site\/wp-json\/wp\/v2\/posts\/17859\/revisions"}],"predecessor-version":[{"id":17869,"href":"https:\/\/www.adufpb.org.br\/site\/wp-json\/wp\/v2\/posts\/17859\/revisions\/17869"}],"wp:featuredmedia":[{"embeddable":true,"href":"https:\/\/www.adufpb.org.br\/site\/wp-json\/wp\/v2\/media\/17863"}],"wp:attachment":[{"href":"https:\/\/www.adufpb.org.br\/site\/wp-json\/wp\/v2\/media?parent=17859"}],"wp:term":[{"taxonomy":"category","embeddable":true,"href":"https:\/\/www.adufpb.org.br\/site\/wp-json\/wp\/v2\/categories?post=17859"},{"taxonomy":"post_tag","embeddable":true,"href":"https:\/\/www.adufpb.org.br\/site\/wp-json\/wp\/v2\/tags?post=17859"}],"curies":[{"name":"wp","href":"https:\/\/api.w.org\/{rel}","templated":true}]}}