{"id":17849,"date":"2017-12-31T15:12:41","date_gmt":"2017-12-31T18:12:41","guid":{"rendered":"http:\/\/www.adufpb.org.br\/site\/?p=17849"},"modified":"2017-12-31T15:12:41","modified_gmt":"2017-12-31T18:12:41","slug":"temos-mais-de-2018-motivos-para-lutar","status":"publish","type":"post","link":"https:\/\/www.adufpb.org.br\/site\/temos-mais-de-2018-motivos-para-lutar\/","title":{"rendered":"Temos mais de 2018 motivos para lutar"},"content":{"rendered":"<p>O ano de 2018 certamente exigir\u00e1 de todos n\u00f3s, professores e professoras que fazem parte da ADUFPB, muita energia, disposi\u00e7\u00e3o e capacidade cr\u00edtica para analisar a realidade e, juntos, trilharmos os caminhos da luta e resist\u00eancia.<\/p>\n<p>Nos \u00faltimos 40 anos, a ADUFPB pode se orgulhar de ter contribu\u00eddo para a defesa dos direitos, das liberdades, da democracia e, acima de tudo, representar um dos principais instrumentos de defesa da educa\u00e7\u00e3o p\u00fablica, gratuita, laica e de qualidade.<\/p>\n<p>\u00c9 tempo de lutar, fortalecer o sindicato e de contribuir com a resist\u00eancia dentro e fora das Universidades. No ano que se inicia, temos mais de 2018 motivos para defender os direitos dos trabalhadores, a educa\u00e7\u00e3o p\u00fablica e, ao mesmo tempo, comemorar os 40 anos de luta e resist\u00eancia do nosso sindicato.<\/p>\n<p>Juntos, vamos dar continuidade \u00e0 combativa hist\u00f3ria da ADUFPB.<\/p>\n<p>Um ano novo cheio muita energia e realiza\u00e7\u00f5es para todos(as)!<\/p>\n<p><b>Diretoria Executiva da ADUFPB<\/b><\/p>\n","protected":false},"excerpt":{"rendered":"<p>O ano de 2018 certamente exigir\u00e1 de todos n\u00f3s, professores e professoras que fazem parte da ADUFPB, muita energia, disposi\u00e7\u00e3o e capacidade cr\u00edtica para analisar a realidade e, juntos, trilharmos os caminhos da luta e resist\u00eancia. Nos \u00faltimos 40 anos, a ADUFPB pode se orgulhar de ter contribu\u00eddo para a defesa dos direitos, das liberdades,&hellip;<\/p>\n","protected":false},"author":4,"featured_media":17850,"comment_status":"closed","ping_status":"closed","sticky":false,"template":"","format":"standard","meta":{"footnotes":""},"categories":[15,417],"tags":[],"class_list":["post-17849","post","type-post","status-publish","format-standard","has-post-thumbnail","hentry","category-noticias","category-noticias-destaque","category-15","category-417","description-off"],"_links":{"self":[{"href":"https:\/\/www.adufpb.org.br\/site\/wp-json\/wp\/v2\/posts\/17849","targetHints":{"allow":["GET"]}}],"collection":[{"href":"https:\/\/www.adufpb.org.br\/site\/wp-json\/wp\/v2\/posts"}],"about":[{"href":"https:\/\/www.adufpb.org.br\/site\/wp-json\/wp\/v2\/types\/post"}],"author":[{"embeddable":true,"href":"https:\/\/www.adufpb.org.br\/site\/wp-json\/wp\/v2\/users\/4"}],"replies":[{"embeddable":true,"href":"https:\/\/www.adufpb.org.br\/site\/wp-json\/wp\/v2\/comments?post=17849"}],"version-history":[{"count":1,"href":"https:\/\/www.adufpb.org.br\/site\/wp-json\/wp\/v2\/posts\/17849\/revisions"}],"predecessor-version":[{"id":17851,"href":"https:\/\/www.adufpb.org.br\/site\/wp-json\/wp\/v2\/posts\/17849\/revisions\/17851"}],"wp:featuredmedia":[{"embeddable":true,"href":"https:\/\/www.adufpb.org.br\/site\/wp-json\/wp\/v2\/media\/17850"}],"wp:attachment":[{"href":"https:\/\/www.adufpb.org.br\/site\/wp-json\/wp\/v2\/media?parent=17849"}],"wp:term":[{"taxonomy":"category","embeddable":true,"href":"https:\/\/www.adufpb.org.br\/site\/wp-json\/wp\/v2\/categories?post=17849"},{"taxonomy":"post_tag","embeddable":true,"href":"https:\/\/www.adufpb.org.br\/site\/wp-json\/wp\/v2\/tags?post=17849"}],"curies":[{"name":"wp","href":"https:\/\/api.w.org\/{rel}","templated":true}]}}