{"id":17844,"date":"2017-12-20T12:41:16","date_gmt":"2017-12-20T15:41:16","guid":{"rendered":"http:\/\/www.adufpb.org.br\/site\/?p=17844"},"modified":"2017-12-20T12:41:16","modified_gmt":"2017-12-20T15:41:16","slug":"bncc-e-aprovada-sem-genero-e-com-religiao","status":"publish","type":"post","link":"https:\/\/www.adufpb.org.br\/site\/bncc-e-aprovada-sem-genero-e-com-religiao\/","title":{"rendered":"BNCC \u00e9 aprovada: sem g\u00eanero e com religi\u00e3o"},"content":{"rendered":"<div id=\"conteudo\">\n<p>O Conselho Nacional de Educa\u00e7\u00e3o (CNE) aprovou hoje (15) o texto da Base Nacional Comum Curricular (BNCC), documento que ir\u00e1 orientar os curr\u00edculos da educa\u00e7\u00e3o b\u00e1sica e estabelecer\u00e1 conhecimentos, compet\u00eancias e habilidades que se espera que todos os estudantes desenvolvam ao longo da educa\u00e7\u00e3o infantil e do ensino fundamental.\u00a0<a href=\"http:\/\/www.andes.org.br\/andes\/print-ultimas-noticias.andes?id=9216\" target=\"_blank\">Foram retiradas quaisquer men\u00e7\u00f5es a \u201corienta\u00e7\u00e3o sexual\u201d e \u201cg\u00eanero\u201d<\/a>, e o ensino religioso passa a ser de oferta obrigat\u00f3ria nas escolas brasileiras.<\/p>\n<p>O texto foi aprovado por 20 votos favor\u00e1veis e tr\u00eas contr\u00e1rios. A BNCC estava em discuss\u00e3o no CNE desde abril, quando foi enviada pelo Minist\u00e9rio da Educa\u00e7\u00e3o, e passou por diversas modifica\u00e7\u00f5es desde ent\u00e3o, ap\u00f3s o recebimento de propostas e a realiza\u00e7\u00e3o de audi\u00eancias p\u00fablicas. O MEC deve homologar a BNCC na quarta-feira (20).<\/p>\n<p><strong>Religi\u00e3o<\/strong><\/p>\n<p>O texto aprovado pelo CNE incluiu novamente orienta\u00e7\u00f5es sobre o ensino religioso nas escolas. O assunto estava nas vers\u00f5es anteriores da base, mas tinha sido exclu\u00eddo da terceira ver\u00e3o enviada pelo MEC em abril, e foi recolocado antes da vota\u00e7\u00e3o.<\/p>\n<p>Segundo o texto previsto na base nacional, o ensino religioso deve ser oferecido nas institui\u00e7\u00f5es p\u00fablicas e privadas, mas como j\u00e1 ocorre e est\u00e1 previsto na Lei de Diretrizes e Bases da Educa\u00e7\u00e3o (LDB), a matr\u00edcula poder\u00e1 ser optativa aos alunos do ensino fundamental. Entre as compet\u00eancias para esse ensino est\u00e3o a conviv\u00eancia com a diversidade de identidades, cren\u00e7as, pensamentos, convic\u00e7\u00f5es, modos de ser e viver. O CNE ainda dever\u00e1 decidir se o ensino religioso ter\u00e1 tratamento como \u00e1rea do conhecimento ou como componente curricular da \u00e1rea de Ci\u00eancias Humanas, no Ensino Fundamental.<\/p>\n<p><strong>G\u00eanero<\/strong><\/p>\n<p>O CNE decidiu avaliar posteriormente a tem\u00e1tica g\u00eanero, que foi objeto de muita pol\u00eamica durante as audi\u00eancias p\u00fablicas realizada para debater a BNCC. \u201cO CNE deve, em resposta \u00e0s demandas sociais, aprofundar os debates sobre esta tem\u00e1tica, podendo emitir, posteriormente, orienta\u00e7\u00f5es para o tratamento da quest\u00e3o, considerando as diretrizes curriculares nacionais vigentes\u201d, diz a minuta de resolu\u00e7\u00e3o divulgada pelo conselho.<\/p>\n<p>Na vers\u00e3o encaminhada pelo MEC em abril, uma das compet\u00eancias gerais da BNCC era o exerc\u00edcio da empatia e o respeito aos indiv\u00edduos, \u201csem preconceitos de origem, etnia, g\u00eanero, idade, habilidade\/necessidade, convic\u00e7\u00e3o religiosa ou de qualquer outra natureza\u201d. Esse trecho foi modificado, e o texto aprovado hoje fala apenas \u201csem preconceitos de qualquer natureza\u201d.<\/p>\n<p><em>Com edi\u00e7\u00e3o e inclus\u00e3o de informa\u00e7\u00f5es de ANDES-SN. Imagem de EBC.<\/em><\/p>\n<p><em>Fonte:\u00a0ANDES-SN<\/em><\/p>\n<\/div>\n","protected":false},"excerpt":{"rendered":"<p>O Conselho Nacional de Educa\u00e7\u00e3o (CNE) aprovou hoje (15) o texto da Base Nacional Comum Curricular (BNCC), documento que ir\u00e1 orientar os curr\u00edculos da educa\u00e7\u00e3o b\u00e1sica e estabelecer\u00e1 conhecimentos, compet\u00eancias e habilidades que se espera que todos os estudantes desenvolvam ao longo da educa\u00e7\u00e3o infantil e do ensino fundamental.\u00a0Foram retiradas quaisquer men\u00e7\u00f5es a \u201corienta\u00e7\u00e3o sexual\u201d&hellip;<\/p>\n","protected":false},"author":3,"featured_media":0,"comment_status":"closed","ping_status":"closed","sticky":false,"template":"","format":"standard","meta":{"footnotes":""},"categories":[15],"tags":[1106],"class_list":["post-17844","post","type-post","status-publish","format-standard","hentry","category-noticias","tag-bncc","category-15","description-off"],"_links":{"self":[{"href":"https:\/\/www.adufpb.org.br\/site\/wp-json\/wp\/v2\/posts\/17844","targetHints":{"allow":["GET"]}}],"collection":[{"href":"https:\/\/www.adufpb.org.br\/site\/wp-json\/wp\/v2\/posts"}],"about":[{"href":"https:\/\/www.adufpb.org.br\/site\/wp-json\/wp\/v2\/types\/post"}],"author":[{"embeddable":true,"href":"https:\/\/www.adufpb.org.br\/site\/wp-json\/wp\/v2\/users\/3"}],"replies":[{"embeddable":true,"href":"https:\/\/www.adufpb.org.br\/site\/wp-json\/wp\/v2\/comments?post=17844"}],"version-history":[{"count":1,"href":"https:\/\/www.adufpb.org.br\/site\/wp-json\/wp\/v2\/posts\/17844\/revisions"}],"predecessor-version":[{"id":17845,"href":"https:\/\/www.adufpb.org.br\/site\/wp-json\/wp\/v2\/posts\/17844\/revisions\/17845"}],"wp:attachment":[{"href":"https:\/\/www.adufpb.org.br\/site\/wp-json\/wp\/v2\/media?parent=17844"}],"wp:term":[{"taxonomy":"category","embeddable":true,"href":"https:\/\/www.adufpb.org.br\/site\/wp-json\/wp\/v2\/categories?post=17844"},{"taxonomy":"post_tag","embeddable":true,"href":"https:\/\/www.adufpb.org.br\/site\/wp-json\/wp\/v2\/tags?post=17844"}],"curies":[{"name":"wp","href":"https:\/\/api.w.org\/{rel}","templated":true}]}}