{"id":17840,"date":"2017-12-19T12:22:42","date_gmt":"2017-12-19T15:22:42","guid":{"rendered":"http:\/\/www.adufpb.org.br\/site\/?p=17840"},"modified":"2017-12-19T12:22:42","modified_gmt":"2017-12-19T15:22:42","slug":"congresso-nacional-aprova-orcamento-2018-sob-vigencia-da-ec-95","status":"publish","type":"post","link":"https:\/\/www.adufpb.org.br\/site\/congresso-nacional-aprova-orcamento-2018-sob-vigencia-da-ec-95\/","title":{"rendered":"Congresso Nacional aprova Or\u00e7amento 2018 sob vig\u00eancia da EC 95"},"content":{"rendered":"<div id=\"conteudo\">\n<p>O Congresso Nacional aprovou na noite de quarta-feira (13) o projeto de Lei Or\u00e7ament\u00e1ria Anual (LOA) para 2018, PLN 20\/2017, com valor total de R$ 3,57 trilh\u00f5es. A LOA contempla os or\u00e7amentos fiscais, da Seguridade Social e de investimentos das estatais. Este \u00e9 o primeiro Or\u00e7amento aprovado ap\u00f3s a vig\u00eancia da Emenda Constitucional (EC) 95\/16, do Teto de Gastos, que limita as despesas p\u00fablicas \u00e0 infla\u00e7\u00e3o do ano anterior pelos pr\u00f3ximos 20 anos. A mat\u00e9ria segue para san\u00e7\u00e3o presidencial.<\/p>\n<p>Do montante aprovado, quase um ter\u00e7o (R$1,16 trilh\u00e3o) ser\u00e1 destinado ao refinanciamento da d\u00edvida p\u00fablica e R$ 316 bilh\u00f5es para o pagamento de juros da d\u00edvida p\u00fablica. Apenas R$ 89 bilh\u00f5es ser\u00e3o destinados \u00e0 \u00e1rea da Educa\u00e7\u00e3o e R$ 119,2 bilh\u00f5es \u00e0 Sa\u00fade. Para a \u00e1rea de Ci\u00eancia e Tecnologia, ap\u00f3s intensas manifesta\u00e7\u00f5es das entidades cient\u00edficas, sociais e sindicais junto ao poder Executivo e aos congressistas, o or\u00e7amento de livre movimenta\u00e7\u00e3o subiu de R$ 2,7 bilh\u00f5es, proposta inicial, para R$ 4,8 bilh\u00f5es. No entanto o valor ainda \u00e9 inferior aos recursos executados em 2017.<\/p>\n<p>O projeto or\u00e7ament\u00e1rio recebeu duras cr\u00edticas da oposi\u00e7\u00e3o. Uma delas diz respeito \u00e0s isen\u00e7\u00f5es fiscais para grandes empresas, que somam mais de R$ 200 bilh\u00f5es em 2018. A LOA ainda prev\u00ea um d\u00e9ficit prim\u00e1rio de R$ 157 bilh\u00f5es para 2018,\u00a0<a href=\"http:\/\/www.andes.org.br\/andes\/print-ultimas-noticias.andes?id=8983\" target=\"_blank\">diferentemente da Lei de Diretrizes Or\u00e7ament\u00e1rias (LDO)<\/a>, aprovada anteriormente, que previa uma meta fiscal deficit\u00e1ria no valor de R$ 159 bilh\u00f5es.<\/p>\n<p>A proposta tamb\u00e9m prev\u00ea crescimento de 2,5% do Produto Interno Bruto (PIB) do Brasil para o pr\u00f3ximo ano. E o sal\u00e1rio m\u00ednimo, segundo o texto, est\u00e1 fixado em R$ 965, R$ 28 superior ao valor atual de R$ 937. Segundo o Departamento Intersindical de Estat\u00edstica e Estudos Socioecon\u00f4micos (Dieese), o sal\u00e1rio m\u00ednimo necess\u00e1rio, em novembro, deveria ser de R$ 3.731,39, levando em conta os gastos de uma fam\u00edlia com alimenta\u00e7\u00e3o, moradia, sa\u00fade, educa\u00e7\u00e3o, vestu\u00e1rio, higiene, transporte, lazer e previd\u00eancia.<\/p>\n<p>O PLN 20\/17, de autoria do Executivo, ainda destinar\u00e1 R$ 1,716 bilh\u00e3o ao Fundo Especial de Financiamento de Campanha (FEFC), criado na minirreforma eleitoral aprovada este ano pelo Congresso. Esses recursos se destinam ao custeio de parte das campanhas para as elei\u00e7\u00f5es gerais de 2018.<\/p>\n<p><strong>Mantido veto \u00e0 auditoria da d\u00edvida<\/strong><\/p>\n<p>O Congresso Nacional manteve os vetos feitos \u00e0 LDO de 2018, entre eles o que previa uma auditoria da d\u00edvida p\u00fablica, com a participa\u00e7\u00e3o de entidades da sociedade civil (Veto 25\/2017).<\/p>\n<p>O presidente Michel Temer vetou, no m\u00eas de agosto, uma emenda da Lei de Diretrizes Or\u00e7ament\u00e1rias (LDO) de 2018 que previa a realiza\u00e7\u00e3o de uma\u00a0<a href=\"http:\/\/www.andes.org.br\/andes\/print-ultimas-noticias.andes?id=8981\" target=\"_blank\">auditoria da d\u00edvida p\u00fablica brasileira<\/a>\u00a0\u2013 que consome quase metade do or\u00e7amento do pa\u00eds. No ano passado, Temer j\u00e1 havia vetado a possibilidade de auditoria na LDO 2017 e, antes, em 2016, a ent\u00e3o presidente Dilma Rousseff tamb\u00e9m barrou emenda semelhante, na Lei Plurianual 2016\/2019.<\/p>\n<p><em>Com informa\u00e7\u00f5es da Ag\u00eancia Senado e Jornal da Ci\u00eancia. Imagem de EBC.<\/em><\/p>\n<p><em>Fonte:\u00a0ANDES-SN<\/em><\/p>\n<\/div>\n","protected":false},"excerpt":{"rendered":"<p>O Congresso Nacional aprovou na noite de quarta-feira (13) o projeto de Lei Or\u00e7ament\u00e1ria Anual (LOA) para 2018, PLN 20\/2017, com valor total de R$ 3,57 trilh\u00f5es. A LOA contempla os or\u00e7amentos fiscais, da Seguridade Social e de investimentos das estatais. Este \u00e9 o primeiro Or\u00e7amento aprovado ap\u00f3s a vig\u00eancia da Emenda Constitucional (EC) 95\/16,&hellip;<\/p>\n","protected":false},"author":3,"featured_media":0,"comment_status":"closed","ping_status":"closed","sticky":false,"template":"","format":"standard","meta":{"footnotes":""},"categories":[15],"tags":[748,1105,1104],"class_list":["post-17840","post","type-post","status-publish","format-standard","hentry","category-noticias","tag-congresso-nacional","tag-emenda-constitucional-95","tag-orcamento-2018","category-15","description-off"],"_links":{"self":[{"href":"https:\/\/www.adufpb.org.br\/site\/wp-json\/wp\/v2\/posts\/17840","targetHints":{"allow":["GET"]}}],"collection":[{"href":"https:\/\/www.adufpb.org.br\/site\/wp-json\/wp\/v2\/posts"}],"about":[{"href":"https:\/\/www.adufpb.org.br\/site\/wp-json\/wp\/v2\/types\/post"}],"author":[{"embeddable":true,"href":"https:\/\/www.adufpb.org.br\/site\/wp-json\/wp\/v2\/users\/3"}],"replies":[{"embeddable":true,"href":"https:\/\/www.adufpb.org.br\/site\/wp-json\/wp\/v2\/comments?post=17840"}],"version-history":[{"count":1,"href":"https:\/\/www.adufpb.org.br\/site\/wp-json\/wp\/v2\/posts\/17840\/revisions"}],"predecessor-version":[{"id":17841,"href":"https:\/\/www.adufpb.org.br\/site\/wp-json\/wp\/v2\/posts\/17840\/revisions\/17841"}],"wp:attachment":[{"href":"https:\/\/www.adufpb.org.br\/site\/wp-json\/wp\/v2\/media?parent=17840"}],"wp:term":[{"taxonomy":"category","embeddable":true,"href":"https:\/\/www.adufpb.org.br\/site\/wp-json\/wp\/v2\/categories?post=17840"},{"taxonomy":"post_tag","embeddable":true,"href":"https:\/\/www.adufpb.org.br\/site\/wp-json\/wp\/v2\/tags?post=17840"}],"curies":[{"name":"wp","href":"https:\/\/api.w.org\/{rel}","templated":true}]}}