{"id":17781,"date":"2017-12-04T16:12:40","date_gmt":"2017-12-04T19:12:40","guid":{"rendered":"http:\/\/www.adufpb.org.br\/site\/?p=17781"},"modified":"2017-12-04T16:12:40","modified_gmt":"2017-12-04T19:12:40","slug":"adufpb-notifica-reitoria-sobre-adesao-ao-dia-nacional-de-greve-5-de-dezembro","status":"publish","type":"post","link":"https:\/\/www.adufpb.org.br\/site\/adufpb-notifica-reitoria-sobre-adesao-ao-dia-nacional-de-greve-5-de-dezembro\/","title":{"rendered":"ADUFPB notifica reitoria sobre ades\u00e3o ao Dia Nacional de Greve &#8211; 5 de dezembro"},"content":{"rendered":"<p align=\"center\"><span style=\"font-size: medium;\"><b>NOTIFICA\u00c7\u00c3O<\/b><\/span><\/p>\n<p align=\"center\"><span style=\"font-size: medium;\"><b>DIA NACIONAL DE GREVE &#8211; 05 DE DEZEMBRO<\/b><b><\/b><\/span><\/p>\n<p><span style=\"font-size: medium;\">\u00a0<\/span><\/p>\n<p><span style=\"font-size: medium;\"><b>A<\/b>\u00a0<b>ADUFPB &#8211; Se\u00e7\u00e3o Sindical do SINDICATO NACIONAL DOS DOCENTES DAS INSTITUI\u00c7\u00d5ES DE ENSINO SUPERIOR (ANDES-SN)<\/b><b>,<\/b>\u00a0entidade representativa dos docentes da Universidade Federal da Para\u00edba, neste ato representado por seu Presidente,\u00a0<b>Marcelo Sitcovsky Santos Pereira<\/b>, em cumprimento \u00e0s exig\u00eancias legais, vem, por interm\u00e9dio da presente,\u00a0<b>NOTIFICAR<\/b>\u00a0a Reitoria da Universidade Federal da Para\u00edba\u00a0<b>a ades\u00e3o ao DIA NACIONAL DE GREVE &#8211; 05 DE DEZEMBRO,<\/b>seguindo a decis\u00e3o da rodada de Assembleias Gerais da categoria, realizada no dia 04 de dezembro de 2017, nos Campi de Jo\u00e3o Pessoa, Areia, Bananeiras e Litoral Norte.<\/span><\/p>\n<p>&nbsp;<\/p>\n<p><span style=\"font-size: medium;\">\u00a0<\/span><\/p>\n<p align=\"center\"><span style=\"font-size: medium;\">Jo\u00e3o Pessoa, 04 de dezembro de 2017.<\/span><\/p>\n<p align=\"center\"><span style=\"font-size: medium;\">Marcelo Sitcovsky Santos Pereira<\/span><\/p>\n<p align=\"center\"><span style=\"font-size: medium;\">Presidente<\/span><\/p>\n","protected":false},"excerpt":{"rendered":"<p>NOTIFICA\u00c7\u00c3O DIA NACIONAL DE GREVE &#8211; 05 DE DEZEMBRO \u00a0 A\u00a0ADUFPB &#8211; Se\u00e7\u00e3o Sindical do SINDICATO NACIONAL DOS DOCENTES DAS INSTITUI\u00c7\u00d5ES DE ENSINO SUPERIOR (ANDES-SN),\u00a0entidade representativa dos docentes da Universidade Federal da Para\u00edba, neste ato representado por seu Presidente,\u00a0Marcelo Sitcovsky Santos Pereira, em cumprimento \u00e0s exig\u00eancias legais, vem, por interm\u00e9dio da presente,\u00a0NOTIFICAR\u00a0a Reitoria da Universidade&hellip;<\/p>\n","protected":false},"author":3,"featured_media":0,"comment_status":"closed","ping_status":"closed","sticky":false,"template":"","format":"standard","meta":{"footnotes":""},"categories":[15],"tags":[1099,132,223],"class_list":["post-17781","post","type-post","status-publish","format-standard","hentry","category-noticias","tag-5-de-dezembro","tag-greve","tag-paralisacao","category-15","description-off"],"_links":{"self":[{"href":"https:\/\/www.adufpb.org.br\/site\/wp-json\/wp\/v2\/posts\/17781","targetHints":{"allow":["GET"]}}],"collection":[{"href":"https:\/\/www.adufpb.org.br\/site\/wp-json\/wp\/v2\/posts"}],"about":[{"href":"https:\/\/www.adufpb.org.br\/site\/wp-json\/wp\/v2\/types\/post"}],"author":[{"embeddable":true,"href":"https:\/\/www.adufpb.org.br\/site\/wp-json\/wp\/v2\/users\/3"}],"replies":[{"embeddable":true,"href":"https:\/\/www.adufpb.org.br\/site\/wp-json\/wp\/v2\/comments?post=17781"}],"version-history":[{"count":1,"href":"https:\/\/www.adufpb.org.br\/site\/wp-json\/wp\/v2\/posts\/17781\/revisions"}],"predecessor-version":[{"id":17782,"href":"https:\/\/www.adufpb.org.br\/site\/wp-json\/wp\/v2\/posts\/17781\/revisions\/17782"}],"wp:attachment":[{"href":"https:\/\/www.adufpb.org.br\/site\/wp-json\/wp\/v2\/media?parent=17781"}],"wp:term":[{"taxonomy":"category","embeddable":true,"href":"https:\/\/www.adufpb.org.br\/site\/wp-json\/wp\/v2\/categories?post=17781"},{"taxonomy":"post_tag","embeddable":true,"href":"https:\/\/www.adufpb.org.br\/site\/wp-json\/wp\/v2\/tags?post=17781"}],"curies":[{"name":"wp","href":"https:\/\/api.w.org\/{rel}","templated":true}]}}