{"id":17652,"date":"2017-11-20T00:16:43","date_gmt":"2017-11-20T03:16:43","guid":{"rendered":"http:\/\/www.adufpb.org.br\/site\/?p=17652"},"modified":"2017-11-20T11:03:33","modified_gmt":"2017-11-20T14:03:33","slug":"20-de-novembro-dia-nacional-da-consciencia-negra","status":"publish","type":"post","link":"https:\/\/www.adufpb.org.br\/site\/20-de-novembro-dia-nacional-da-consciencia-negra\/","title":{"rendered":"20 de novembro &#8211; Dia Nacional da Consci\u00eancia Negra"},"content":{"rendered":"<p><b style=\"color: #000000;\">20 de novembro<\/b><span style=\"color: #000000;\">\u00a0\u00e9 o dia de afirmarmos nossa hist\u00f3ria, nossa cultura e nossas ra\u00edzes. Os negros e negras constituem um tra\u00e7o fundamental da constru\u00e7\u00e3o da identidade do povo brasileiro.\u00a0<\/span><b style=\"color: #000000;\">A ADUFPB, em especial o seu Grupo de Trabalho de Pol\u00edtica de Classe para quest\u00f5es de G\u00eanero, \u00c9tnico-Raciais e de Diversidade Sexual (GTPCEGDS)<\/b><span style=\"color: #000000;\">, tem afirmado e contribu\u00eddo nas discuss\u00f5es \u00e9tnico-raciais,\u00a0<\/span><span style=\"color: #000000;\">principalmente<\/span><span style=\"color: #000000;\">\u00a0no campo da pol\u00edtica.\u00a0<\/span><b style=\"color: #000000;\">Ser brasileiro e brasileira \u00e9 ser negro e negra tamb\u00e9m.\u00a0<\/b><span style=\"color: #000000;\">A Diretoria Executiva da ADUFPB se insere em mais este dia de LUTA e afirma\u00e7\u00e3o de nossa brasilidade.<\/span><\/p>\n<p><span style=\"color: #000000;\">Inspiremo-nos no legado de Caroline Maria de Jesus como uma das maiores refer\u00eancias da LUTA por uma Consci\u00eancia Negra, agente de transforma\u00e7\u00e3o social. Em seu livro \u201cQuarto de Despejo\u201d, de 1960,\u00a0<\/span><span style=\"color: #000000;\">a autora<\/span><span style=\"color: #000000;\">\u00a0registra o olhar formado diretamente na experi\u00eancia de uma mulher negra, pobre, favelada (tal qual ela mesma diz de si) e sofredora contumaz dos preconceitos \u00e9tnico-raciais e de classe que marcam a sociedade brasileira. \u00c9 um di\u00e1rio \u00edntimo, perturbador e poderoso. Um documento necess\u00e1rio para compreendermos esta luta e nos convencermos que, em nenhum momento, estamos fora dela.<\/span><\/p>\n<p><span style=\"color: #000000;\">Ao disparar\u00a0<\/span><i style=\"color: #000000;\">&#8220;Eu cato papel, mas n\u00e3o gosto. Ent\u00e3o eu penso: faz de conta de estou sonhando&#8221;<\/i><span style=\"color: #000000;\">, Caroline resume no encadeamento de quatro proposi\u00e7\u00f5es: 1) O mundo do trabalho, como afirma\u00e7\u00e3o da desigualdade social; 2) a franqueza em admitir que n\u00e3o \u00e9 poss\u00edvel apre\u00e7o mediante a precariza\u00e7\u00e3o do trabalho humano; 3) que o pensar \u00e9 condi\u00e7\u00e3o humana, confirma\u00e7\u00e3o de sua dignidade; 4) que sonhar \u00e9 construir no pensamento um outro mundo poss\u00edvel, em que haveria apenas um tipo de humanidade ou v\u00e1rias humanidades que s\u00e3o apenas uma.<\/span><\/p>\n<p><span style=\"color: #000000;\">No\u00a0<\/span><b style=\"color: #000000;\">Dia Nacional da Consci\u00eancia Negra<\/b><span style=\"color: #000000;\">, mais uma oportunidade de sermos n\u00f3s mesmos, brasileiros.<\/span><\/p>\n<p style=\"text-align: center;\"><span style=\"color: #000000;\">Diretoria Executiva da ADUFPB<\/span><\/p>\n<p style=\"text-align: center;\"><a href=\"http:\/\/www.adufpb.org.br\/site\/wp-content\/uploads\/2017\/11\/2017-dia-da-consci\u00eacia-negra.jpeg\"><img loading=\"lazy\" decoding=\"async\" class=\"aligncenter size-large wp-image-17653\" alt=\"2017 - dia da consci\u00eacia negra\" src=\"http:\/\/www.adufpb.org.br\/site\/wp-content\/uploads\/2017\/11\/2017-dia-da-consci\u00eacia-negra-1024x738.jpeg\" width=\"1024\" height=\"738\" srcset=\"https:\/\/www.adufpb.org.br\/site\/wp-content\/uploads\/2017\/11\/2017-dia-da-consci\u00eacia-negra-1024x738.jpeg 1024w, https:\/\/www.adufpb.org.br\/site\/wp-content\/uploads\/2017\/11\/2017-dia-da-consci\u00eacia-negra-300x216.jpeg 300w, https:\/\/www.adufpb.org.br\/site\/wp-content\/uploads\/2017\/11\/2017-dia-da-consci\u00eacia-negra.jpeg 1280w\" sizes=\"auto, (max-width: 1024px) 100vw, 1024px\" \/><\/a><\/p>\n","protected":false},"excerpt":{"rendered":"<p>20 de novembro\u00a0\u00e9 o dia de afirmarmos nossa hist\u00f3ria, nossa cultura e nossas ra\u00edzes. Os negros e negras constituem um tra\u00e7o fundamental da constru\u00e7\u00e3o da identidade do povo brasileiro.\u00a0A ADUFPB, em especial o seu Grupo de Trabalho de Pol\u00edtica de Classe para quest\u00f5es de G\u00eanero, \u00c9tnico-Raciais e de Diversidade Sexual (GTPCEGDS), tem afirmado e contribu\u00eddo&hellip;<\/p>\n","protected":false},"author":3,"featured_media":0,"comment_status":"closed","ping_status":"closed","sticky":false,"template":"","format":"standard","meta":{"footnotes":""},"categories":[15,417],"tags":[267],"class_list":["post-17652","post","type-post","status-publish","format-standard","hentry","category-noticias","category-noticias-destaque","tag-dia-da-consciencia-negra","category-15","category-417","description-off"],"_links":{"self":[{"href":"https:\/\/www.adufpb.org.br\/site\/wp-json\/wp\/v2\/posts\/17652","targetHints":{"allow":["GET"]}}],"collection":[{"href":"https:\/\/www.adufpb.org.br\/site\/wp-json\/wp\/v2\/posts"}],"about":[{"href":"https:\/\/www.adufpb.org.br\/site\/wp-json\/wp\/v2\/types\/post"}],"author":[{"embeddable":true,"href":"https:\/\/www.adufpb.org.br\/site\/wp-json\/wp\/v2\/users\/3"}],"replies":[{"embeddable":true,"href":"https:\/\/www.adufpb.org.br\/site\/wp-json\/wp\/v2\/comments?post=17652"}],"version-history":[{"count":3,"href":"https:\/\/www.adufpb.org.br\/site\/wp-json\/wp\/v2\/posts\/17652\/revisions"}],"predecessor-version":[{"id":17656,"href":"https:\/\/www.adufpb.org.br\/site\/wp-json\/wp\/v2\/posts\/17652\/revisions\/17656"}],"wp:attachment":[{"href":"https:\/\/www.adufpb.org.br\/site\/wp-json\/wp\/v2\/media?parent=17652"}],"wp:term":[{"taxonomy":"category","embeddable":true,"href":"https:\/\/www.adufpb.org.br\/site\/wp-json\/wp\/v2\/categories?post=17652"},{"taxonomy":"post_tag","embeddable":true,"href":"https:\/\/www.adufpb.org.br\/site\/wp-json\/wp\/v2\/tags?post=17652"}],"curies":[{"name":"wp","href":"https:\/\/api.w.org\/{rel}","templated":true}]}}