{"id":17601,"date":"2017-11-09T13:04:44","date_gmt":"2017-11-09T16:04:44","guid":{"rendered":"http:\/\/www.adufpb.org.br\/site\/?p=17601"},"modified":"2017-11-09T13:07:23","modified_gmt":"2017-11-09T16:07:23","slug":"adufpb-notifica-reitoria-sobre-paralisacao-na-sexta-feira-10","status":"publish","type":"post","link":"https:\/\/www.adufpb.org.br\/site\/adufpb-notifica-reitoria-sobre-paralisacao-na-sexta-feira-10\/","title":{"rendered":"ADUFPB notifica reitoria sobre paralisa\u00e7\u00e3o nesta sexta-feira (10)"},"content":{"rendered":"<p>A ADUFPB encaminhou notifica\u00e7\u00e3o \u00e0 reitora da Universidade Federal da Para\u00edba, Margareth Diniz, comunicando sobre a ades\u00e3o da categoria \u00e0 paralisa\u00e7\u00e3o nacional desta sexta-feira, 10 de novembro. A decis\u00e3o de integrar-se \u00e0s atividades de mobiliza\u00e7\u00e3o do Dia Nacional de Luta e Paralisa\u00e7\u00e3o, que ser\u00e1 realizado em todo o pa\u00eds, foi tomada durante a rodada de assembleias docentes realizada nos dias 18 e 19 de outubro,\u00a0nos campi de Jo\u00e3o Pessoa, Areia, Bananeiras e Litoral Norte.\u00a0Em Jo\u00e3o Pessoa, as aulas ser\u00e3o paralisadas. Nos demais campi, haver\u00e1 atividades de mobiliza\u00e7\u00e3o, como palestras e panfletagem.<\/p>\n<p>Leia mais:\u00a0<a href=\"http:\/\/www.adufpb.org.br\/site\/dia-de-luta-trabalhadores-vao-ocupar-as-ruas-do-centro-de-joao-pessoa-na-sexta-feira-10\/\">Dia de Luta: trabalhadores v\u00e3o ocupar as ruas do Centro de Jo\u00e3o Pessoa na sexta-feira (10)<\/a><\/p>\n<p>&nbsp;<\/p>\n<p>&nbsp;<\/p>\n<p><a href=\"http:\/\/www.adufpb.org.br\/site\/wp-content\/uploads\/2017\/11\/2017.11.9-notifica\u00e7\u00e3o-reitoria.jpg\"><img loading=\"lazy\" decoding=\"async\" class=\"aligncenter size-large wp-image-17602\" alt=\"2017.11.9 - notifica\u00e7\u00e3o reitoria\" src=\"http:\/\/www.adufpb.org.br\/site\/wp-content\/uploads\/2017\/11\/2017.11.9-notifica\u00e7\u00e3o-reitoria-744x1024.jpg\" width=\"744\" height=\"1024\" srcset=\"https:\/\/www.adufpb.org.br\/site\/wp-content\/uploads\/2017\/11\/2017.11.9-notifica\u00e7\u00e3o-reitoria-744x1024.jpg 744w, https:\/\/www.adufpb.org.br\/site\/wp-content\/uploads\/2017\/11\/2017.11.9-notifica\u00e7\u00e3o-reitoria-218x300.jpg 218w, https:\/\/www.adufpb.org.br\/site\/wp-content\/uploads\/2017\/11\/2017.11.9-notifica\u00e7\u00e3o-reitoria.jpg 1700w\" sizes=\"auto, (max-width: 744px) 100vw, 744px\" \/><\/a><\/p>\n","protected":false},"excerpt":{"rendered":"<p>A ADUFPB encaminhou notifica\u00e7\u00e3o \u00e0 reitora da Universidade Federal da Para\u00edba, Margareth Diniz, comunicando sobre a ades\u00e3o da categoria \u00e0 paralisa\u00e7\u00e3o nacional desta sexta-feira, 10 de novembro. A decis\u00e3o de integrar-se \u00e0s atividades de mobiliza\u00e7\u00e3o do Dia Nacional de Luta e Paralisa\u00e7\u00e3o, que ser\u00e1 realizado em todo o pa\u00eds, foi tomada durante a rodada de&hellip;<\/p>\n","protected":false},"author":3,"featured_media":0,"comment_status":"closed","ping_status":"closed","sticky":false,"template":"","format":"standard","meta":{"footnotes":""},"categories":[15],"tags":[347,223],"class_list":["post-17601","post","type-post","status-publish","format-standard","hentry","category-noticias","tag-dia-de-luta","tag-paralisacao","category-15","description-off"],"_links":{"self":[{"href":"https:\/\/www.adufpb.org.br\/site\/wp-json\/wp\/v2\/posts\/17601","targetHints":{"allow":["GET"]}}],"collection":[{"href":"https:\/\/www.adufpb.org.br\/site\/wp-json\/wp\/v2\/posts"}],"about":[{"href":"https:\/\/www.adufpb.org.br\/site\/wp-json\/wp\/v2\/types\/post"}],"author":[{"embeddable":true,"href":"https:\/\/www.adufpb.org.br\/site\/wp-json\/wp\/v2\/users\/3"}],"replies":[{"embeddable":true,"href":"https:\/\/www.adufpb.org.br\/site\/wp-json\/wp\/v2\/comments?post=17601"}],"version-history":[{"count":5,"href":"https:\/\/www.adufpb.org.br\/site\/wp-json\/wp\/v2\/posts\/17601\/revisions"}],"predecessor-version":[{"id":17607,"href":"https:\/\/www.adufpb.org.br\/site\/wp-json\/wp\/v2\/posts\/17601\/revisions\/17607"}],"wp:attachment":[{"href":"https:\/\/www.adufpb.org.br\/site\/wp-json\/wp\/v2\/media?parent=17601"}],"wp:term":[{"taxonomy":"category","embeddable":true,"href":"https:\/\/www.adufpb.org.br\/site\/wp-json\/wp\/v2\/categories?post=17601"},{"taxonomy":"post_tag","embeddable":true,"href":"https:\/\/www.adufpb.org.br\/site\/wp-json\/wp\/v2\/tags?post=17601"}],"curies":[{"name":"wp","href":"https:\/\/api.w.org\/{rel}","templated":true}]}}