{"id":17592,"date":"2017-11-08T17:40:16","date_gmt":"2017-11-08T20:40:16","guid":{"rendered":"http:\/\/www.adufpb.org.br\/site\/?p=17592"},"modified":"2017-11-08T17:58:24","modified_gmt":"2017-11-08T20:58:24","slug":"dia-de-luta-trabalhadores-vao-ocupar-as-ruas-do-centro-de-joao-pessoa-na-sexta-feira-10","status":"publish","type":"post","link":"https:\/\/www.adufpb.org.br\/site\/dia-de-luta-trabalhadores-vao-ocupar-as-ruas-do-centro-de-joao-pessoa-na-sexta-feira-10\/","title":{"rendered":"Dia de Luta: trabalhadores v\u00e3o ocupar as ruas do Centro de Jo\u00e3o Pessoa na sexta-feira (10)"},"content":{"rendered":"<p dir=\"ltr\">A pr\u00f3xima sexta-feira, 10 de novembro, ser\u00e1 de mobiliza\u00e7\u00e3o, protestos e paralisa\u00e7\u00e3o em todos os Estados do pa\u00eds. Trabalhadores, estudantes, movimentos sociais ir\u00e3o \u00e0s ruas para dizer \u201cn\u00e3o!\u201d \u00e0 mudan\u00e7a nas leis trabalhistas, ao congelamento dos investimentos p\u00fablicos por 20 anos, ao Programa de Demiss\u00e3o Volunt\u00e1ria de servidores p\u00fablicos e \u00e0 Reforma da Previd\u00eancia.<\/p>\n<p dir=\"ltr\">O dia 10 de novembro n\u00e3o foi escolhido \u00e0 toa. A data \u00e9 v\u00e9spera do in\u00edcio de vig\u00eancia da Lei 13.467\/2017, que modifica a Consolida\u00e7\u00e3o das Leis Trabalhistas (CLT) e extingue direitos hist\u00f3ricos conquistados pelos trabalhadores brasileiros ao longo das \u00faltimas d\u00e9cadas.<\/p>\n<p dir=\"ltr\">Na capital paraibana, os manifestantes far\u00e3o concentra\u00e7\u00e3o em frente ao Liceu Paraibano, a partir das 14h. \u00c0s 16h, eles seguir\u00e3o em marcha pelas ruas do Centro. Os professores da UFPB j\u00e1 anunciaram ades\u00e3o ao movimento. A decis\u00e3o foi tomada na rodada de assembleias realizada nos dias 17 e 18 de outubro nos campi de Jo\u00e3o Pessoa, Areia, Bananeiras e Litoral Norte.<\/p>\n<p dir=\"ltr\">Em Jo\u00e3o Pessoa, as aulas ser\u00e3o paralisadas. Nos demais campi, haver\u00e1 atividades de mobiliza\u00e7\u00e3o, como palestras e panfletagem. Al\u00e9m dos professores, os servidores t\u00e9cnico-administrativos da UFPB tamb\u00e9m anunciaram ades\u00e3o ao movimento. Em assembleia realizada na ter\u00e7a-feira (7\/11) eles aprovaram paralisa\u00e7\u00e3o das atividades no dia 10 de novembro.<\/p>\n<p dir=\"ltr\">As atividades de mobiliza\u00e7\u00e3o na Para\u00edba est\u00e3o sendo organizadas pela Central dos Trabalhadores e Trabalhadoras do Brasil (CTB), CSP-Conlutas, Central \u00danica dos Trabalhadores (CUT), Nova Central Sindical, Uni\u00e3o Geral dos Trabalhadores (UGT), Frente Brasil Popular e Frente Povo Sem Medo.<\/p>\n<p><strong>Constru\u00e7\u00e3o do movimento<\/strong><\/p>\n<p dir=\"ltr\">O Dia Nacional de Luta come\u00e7ou a ser constru\u00eddo ap\u00f3s uma grande Plen\u00e1ria Nacional realizada no dia 29 de setembro, em S\u00e3o Paulo, pelo Movimento Brasil Metal\u00fargico e pelas Centrais Sindicais de todo o pa\u00eds. Essa \u00e9 mais uma a\u00e7\u00e3o em defesa dos direitos sociais e contra as agress\u00f5es da reforma trabalhista do governo Temer.<\/p>\n<p dir=\"ltr\">Cerca de 1.500 pessoas estiveram presentes, numa demonstra\u00e7\u00e3o de unidade e disposi\u00e7\u00e3o de luta. A principal resolu\u00e7\u00e3o do encontro foi a aprova\u00e7\u00e3o de um manifesto conjunto e a defini\u00e7\u00e3o do novo dia nacional de mobiliza\u00e7\u00f5es em 10 de novembro.<\/p>\n<p dir=\"ltr\">Estavam representadas as principais categorias de metal\u00fargicos do pa\u00eds, que integram a Campanha Brasil Metal\u00fargico, movimento que deu in\u00edcio \u00e0 luta unificada para impedir a aplica\u00e7\u00e3o da Reforma Trabalhista e a retirada de direitos nas campanhas salariais do setor metal\u00fargico neste ano.<\/p>\n<p dir=\"ltr\">Trabalhadores de outros setores como petroleiros, trabalhadores da ind\u00fastria qu\u00edmica, naval, alimenta\u00e7\u00e3o, metrovi\u00e1rios, eletricit\u00e1rios, constru\u00e7\u00e3o civil, dos Correios, aposentados, entre outros, enviaram representantes \u00e0 plen\u00e1ria, assim como o F\u00f3rum das Entidades Nacionais dos Servidores P\u00fablicos Federais (Fonasefe) e dos auditores fiscais do trabalho.<\/p>\n<p dir=\"ltr\">O tom da atividade foi de den\u00fancia da gravidade dos ataques impostos pelo governo Temer e pelo Congresso Nacional aos trabalhadores. Lembrou-se, por exemplo, que a Reforma Trabalhista foi praticamente elaborada pelos empres\u00e1rios do pa\u00eds e s\u00e3o exig\u00eancias hist\u00f3ricas do patronato.<\/p>\n<p dir=\"ltr\">Na fala dos dirigentes, foi un\u00e2nime a defesa da unidade e da luta para impedir que o desmonte dos direitos trabalhistas, permitido pela reforma, seja posto em pr\u00e1tica a partir de novembro. Estiveram representadas as centrais sindicais CSP-Conlutas, CUT, For\u00e7a Sindical, Intersindical, CGTB e CTB.<\/p>\n<p dir=\"ltr\">Segundo o presidente da ADUFPB, professor Marcelo Sitcovsky, \u00e9 importante ressaltar que o governo Michel Temer, que aprovou a reforma trabalhista, o projeto de terceiriza\u00e7\u00e3o e pretende aprovar uma reforma da Previd\u00eancia que retira e ataca direitos hist\u00f3ricos dos trabalhadores, \u00e9 o mesmo governo que corta e contingencia verbas para o ensino superior p\u00fablico, privilegiando a iniciativa privada, e precariza o desenvolvimento do conhecimento e da ci\u00eancia e tecnologia no pa\u00eds.<\/p>\n<p dir=\"ltr\">Ele afirma que os cortes de verba feitos pelo governo nos minist\u00e9rios de Ci\u00eancia e tecnologia e da Educa\u00e7\u00e3o t\u00eam representado a amplia\u00e7\u00e3o da precariza\u00e7\u00e3o das condi\u00e7\u00f5es de trabalho nas universidades federais brasileiras. \u201cPor isso, temos que nos organizar e colocar nas ruas a nossa insatisfa\u00e7\u00e3o\u201d, conclui, convocando os docentes a se juntarem \u00e0 luta.<\/p>\n<p dir=\"ltr\"><a href=\"http:\/\/www.adufpb.org.br\/site\/wp-content\/uploads\/2017\/11\/2017.11.10-dia-de-luta.jpeg\"><img loading=\"lazy\" decoding=\"async\" class=\"aligncenter size-large wp-image-17593\" alt=\"2017.11.10 - dia de luta\" src=\"http:\/\/www.adufpb.org.br\/site\/wp-content\/uploads\/2017\/11\/2017.11.10-dia-de-luta-720x1024.jpeg\" width=\"720\" height=\"1024\" srcset=\"https:\/\/www.adufpb.org.br\/site\/wp-content\/uploads\/2017\/11\/2017.11.10-dia-de-luta-720x1024.jpeg 720w, https:\/\/www.adufpb.org.br\/site\/wp-content\/uploads\/2017\/11\/2017.11.10-dia-de-luta-210x300.jpeg 210w, https:\/\/www.adufpb.org.br\/site\/wp-content\/uploads\/2017\/11\/2017.11.10-dia-de-luta.jpeg 900w\" sizes=\"auto, (max-width: 720px) 100vw, 720px\" \/><\/a><\/p>\n<p dir=\"ltr\"><a href=\"http:\/\/www.adufpb.org.br\/site\/wp-content\/uploads\/2017\/11\/2017.11.10-dia-de-luta-2.jpeg\"><img loading=\"lazy\" decoding=\"async\" class=\"aligncenter size-large wp-image-17594\" alt=\"2017.11.10 - dia de luta 2\" src=\"http:\/\/www.adufpb.org.br\/site\/wp-content\/uploads\/2017\/11\/2017.11.10-dia-de-luta-2-724x1024.jpeg\" width=\"724\" height=\"1024\" srcset=\"https:\/\/www.adufpb.org.br\/site\/wp-content\/uploads\/2017\/11\/2017.11.10-dia-de-luta-2-724x1024.jpeg 724w, https:\/\/www.adufpb.org.br\/site\/wp-content\/uploads\/2017\/11\/2017.11.10-dia-de-luta-2-212x300.jpeg 212w, https:\/\/www.adufpb.org.br\/site\/wp-content\/uploads\/2017\/11\/2017.11.10-dia-de-luta-2.jpeg 905w\" sizes=\"auto, (max-width: 724px) 100vw, 724px\" \/><\/a><\/p>\n<p dir=\"ltr\">Fonte: Ascom ADUFPB e CSP-Conlutas<\/p>\n<p>&nbsp;<\/p>\n","protected":false},"excerpt":{"rendered":"<p>A pr\u00f3xima sexta-feira, 10 de novembro, ser\u00e1 de mobiliza\u00e7\u00e3o, protestos e paralisa\u00e7\u00e3o em todos os Estados do pa\u00eds. Trabalhadores, estudantes, movimentos sociais ir\u00e3o \u00e0s ruas para dizer \u201cn\u00e3o!\u201d \u00e0 mudan\u00e7a nas leis trabalhistas, ao congelamento dos investimentos p\u00fablicos por 20 anos, ao Programa de Demiss\u00e3o Volunt\u00e1ria de servidores p\u00fablicos e \u00e0 Reforma da Previd\u00eancia. O&hellip;<\/p>\n","protected":false},"author":3,"featured_media":17593,"comment_status":"closed","ping_status":"closed","sticky":false,"template":"","format":"standard","meta":{"footnotes":""},"categories":[417],"tags":[795,347,796,1086,223,354,294,839],"class_list":["post-17592","post","type-post","status-publish","format-standard","has-post-thumbnail","hentry","category-noticias-destaque","tag-congelamento","tag-dia-de-luta","tag-gastos-publicos","tag-leis-trabalhistas","tag-paralisacao","tag-protesto","tag-reforma-da-previdencia","tag-reforma-trabalhista","category-417","description-off"],"_links":{"self":[{"href":"https:\/\/www.adufpb.org.br\/site\/wp-json\/wp\/v2\/posts\/17592","targetHints":{"allow":["GET"]}}],"collection":[{"href":"https:\/\/www.adufpb.org.br\/site\/wp-json\/wp\/v2\/posts"}],"about":[{"href":"https:\/\/www.adufpb.org.br\/site\/wp-json\/wp\/v2\/types\/post"}],"author":[{"embeddable":true,"href":"https:\/\/www.adufpb.org.br\/site\/wp-json\/wp\/v2\/users\/3"}],"replies":[{"embeddable":true,"href":"https:\/\/www.adufpb.org.br\/site\/wp-json\/wp\/v2\/comments?post=17592"}],"version-history":[{"count":2,"href":"https:\/\/www.adufpb.org.br\/site\/wp-json\/wp\/v2\/posts\/17592\/revisions"}],"predecessor-version":[{"id":17596,"href":"https:\/\/www.adufpb.org.br\/site\/wp-json\/wp\/v2\/posts\/17592\/revisions\/17596"}],"wp:featuredmedia":[{"embeddable":true,"href":"https:\/\/www.adufpb.org.br\/site\/wp-json\/wp\/v2\/media\/17593"}],"wp:attachment":[{"href":"https:\/\/www.adufpb.org.br\/site\/wp-json\/wp\/v2\/media?parent=17592"}],"wp:term":[{"taxonomy":"category","embeddable":true,"href":"https:\/\/www.adufpb.org.br\/site\/wp-json\/wp\/v2\/categories?post=17592"},{"taxonomy":"post_tag","embeddable":true,"href":"https:\/\/www.adufpb.org.br\/site\/wp-json\/wp\/v2\/tags?post=17592"}],"curies":[{"name":"wp","href":"https:\/\/api.w.org\/{rel}","templated":true}]}}