{"id":17581,"date":"2017-11-07T18:43:24","date_gmt":"2017-11-07T21:43:24","guid":{"rendered":"http:\/\/www.adufpb.org.br\/site\/?p=17581"},"modified":"2017-11-07T19:44:40","modified_gmt":"2017-11-07T22:44:40","slug":"forum-paraibano-da-previdencia-veicula-campanha-na-tv-contra-a-pec-287","status":"publish","type":"post","link":"https:\/\/www.adufpb.org.br\/site\/forum-paraibano-da-previdencia-veicula-campanha-na-tv-contra-a-pec-287\/","title":{"rendered":"F\u00f3rum Paraibano em Defesa da Previd\u00eancia veicula campanha na TV contra a PEC 287"},"content":{"rendered":"<p>O F\u00f3rum Paraibano em Defesa da Previd\u00eancia, que conta com a participa\u00e7\u00e3o de representantes de partidos pol\u00edticos, sindicatos, centrais sindicais, frentes e movimentos do campo e da cidade, veicula nesta quarta-feira (8\/11) e na quinta-feira (9\/11), nos principais canais de TV da Para\u00edba, uma campanha contra a Reforma da Previd\u00eancia (Proposta de Emenda Constitucional 287\/2016). A pe\u00e7a publicit\u00e1ria chama aten\u00e7\u00e3o da popula\u00e7\u00e3o para a fal\u00e1cia do governo Temer, que insiste em falar em d\u00e9ficit da Previd\u00eancia para justificar a reforma, enquanto dados do pr\u00f3prio governo dizem justamente o contr\u00e1rio: em 2016, a Previd\u00eancia Social teve um super\u00e1vit de R$ 11 bilh\u00f5es.<\/p>\n<p>O v\u00eddeo tamb\u00e9m destaca o Dia Nacional de Luta e Defesa dos Direitos dos Trabalhadores, programado para a sexta-feira, 10\/11. A data ser\u00e1 marcada por manifesta\u00e7\u00f5es, paralisa\u00e7\u00f5es e greve em todo o pa\u00eds.<\/p>\n<p>O v\u00eddeo do F\u00f3rum Paraibano em Defesa da Previd\u00eancia tem 1 minuto de dura\u00e7\u00e3o e ser\u00e1 exibido na TV Correio (Record, Canal 19), nos intervalos do programa Cidade Alerta (das 6h \u00e0s 7h30), e na TV Tamba\u00fa (SBT, Canal 5), nos intervalos do programa Tamba\u00fa Not\u00edcias 1\u00aa Edi\u00e7\u00e3o (das 11h30 \u00e0s 11h45) e Tamba\u00fa Not\u00edcias 2\u00aa edi\u00e7\u00e3o, 19h20 a 19h45.<\/p>\n<p>Para o presidente da ADUFPB, Marcelo Sitcovsky, essa \u00e9 mais uma das atividades de resist\u00eancia dos trabalhadores brasileiros contra a Reforma da Previd\u00eancia. Segundo ele, \u201co sindicato dos docentes da UFPB, que integra o F\u00f3rum, tem sido combativo contra todas as medidas de retrocesso e ataques aos trabalhadores promovidos pelo governo Temer, sempre atuando em defesa da educa\u00e7\u00e3o, do ensino p\u00fablico e da qualidade de trabalho dos professores. O v\u00eddeo \u00e9 mais uma arma contra as mentiras propagadas pelo governo federal, que tenta enganar a popula\u00e7\u00e3o sobre a real situa\u00e7\u00e3o da Previd\u00eancia Social\u201d.<\/p>\n<p><em>Fonte: Ascom ADUFPB<\/em><\/p>\n","protected":false},"excerpt":{"rendered":"<p>O F\u00f3rum Paraibano em Defesa da Previd\u00eancia, que conta com a participa\u00e7\u00e3o de representantes de partidos pol\u00edticos, sindicatos, centrais sindicais, frentes e movimentos do campo e da cidade, veicula nesta quarta-feira (8\/11) e na quinta-feira (9\/11), nos principais canais de TV da Para\u00edba, uma campanha contra a Reforma da Previd\u00eancia (Proposta de Emenda Constitucional 287\/2016).&hellip;<\/p>\n","protected":false},"author":3,"featured_media":0,"comment_status":"closed","ping_status":"closed","sticky":false,"template":"","format":"standard","meta":{"footnotes":""},"categories":[15],"tags":[1085,199,294],"class_list":["post-17581","post","type-post","status-publish","format-standard","hentry","category-noticias","tag-forum-paraibano-em-defesa-da-previdencia","tag-previdencia","tag-reforma-da-previdencia","category-15","description-off"],"_links":{"self":[{"href":"https:\/\/www.adufpb.org.br\/site\/wp-json\/wp\/v2\/posts\/17581","targetHints":{"allow":["GET"]}}],"collection":[{"href":"https:\/\/www.adufpb.org.br\/site\/wp-json\/wp\/v2\/posts"}],"about":[{"href":"https:\/\/www.adufpb.org.br\/site\/wp-json\/wp\/v2\/types\/post"}],"author":[{"embeddable":true,"href":"https:\/\/www.adufpb.org.br\/site\/wp-json\/wp\/v2\/users\/3"}],"replies":[{"embeddable":true,"href":"https:\/\/www.adufpb.org.br\/site\/wp-json\/wp\/v2\/comments?post=17581"}],"version-history":[{"count":3,"href":"https:\/\/www.adufpb.org.br\/site\/wp-json\/wp\/v2\/posts\/17581\/revisions"}],"predecessor-version":[{"id":17584,"href":"https:\/\/www.adufpb.org.br\/site\/wp-json\/wp\/v2\/posts\/17581\/revisions\/17584"}],"wp:attachment":[{"href":"https:\/\/www.adufpb.org.br\/site\/wp-json\/wp\/v2\/media?parent=17581"}],"wp:term":[{"taxonomy":"category","embeddable":true,"href":"https:\/\/www.adufpb.org.br\/site\/wp-json\/wp\/v2\/categories?post=17581"},{"taxonomy":"post_tag","embeddable":true,"href":"https:\/\/www.adufpb.org.br\/site\/wp-json\/wp\/v2\/tags?post=17581"}],"curies":[{"name":"wp","href":"https:\/\/api.w.org\/{rel}","templated":true}]}}