{"id":1741,"date":"2011-06-27T08:35:56","date_gmt":"2011-06-27T12:35:56","guid":{"rendered":"http:\/\/www.adufpb.org.br\/site\/violencia-contra-as-mulheres-sera-tema-de-abertura-do-i-seminario-nacional-de-mulheres-do-andes-sn\/"},"modified":"2011-06-27T08:36:25","modified_gmt":"2011-06-27T12:36:25","slug":"violencia-contra-as-mulheres-sera-tema-de-abertura-do-i-seminario-nacional-de-mulheres-do-andes-sn","status":"publish","type":"post","link":"https:\/\/www.adufpb.org.br\/site\/violencia-contra-as-mulheres-sera-tema-de-abertura-do-i-seminario-nacional-de-mulheres-do-andes-sn\/","title":{"rendered":"Viol\u00eancia contra as mulheres ser\u00e1 tema de abertura do I Semin\u00e1rio Nacional de Mulheres do ANDES-SN"},"content":{"rendered":"<div id=\"_mcePaste\" style=\"position: absolute; left: -10000px; top: 0px; width: 1px; height: 1px; overflow-x: hidden; overflow-y: hidden;\">Viol\u00eancia contra as mulheres ser\u00e1 tema de abertura do I Semin\u00e1rio Nacional de Mulheres do ANDES-SN<\/div>\n<div id=\"_mcePaste\" style=\"position: absolute; left: -10000px; top: 0px; width: 1px; height: 1px; overflow-x: hidden; overflow-y: hidden;\">O ANDES-SN realiza nos dias 30 de junho e 1 de julho o I Semin\u00e1rio Nacional de Mulheres. O encontro, que acontece em Fortaleza (CE), ter\u00e1 como tema de abertura a viol\u00eancia contra as mulheres.<\/div>\n<div id=\"_mcePaste\" style=\"position: absolute; left: -10000px; top: 0px; width: 1px; height: 1px; overflow-x: hidden; overflow-y: hidden;\">Ainda no primeiro dia ser\u00e3o realizadas duas mesas de debate. A primeira abordar\u00e1 a participa\u00e7\u00e3o das mulheres na doc\u00eancia universit\u00e1ria e no movimento sindical. Enquanto a segunda tratar\u00e1 da sa\u00fade sexual e reprodutiva das mulheres, a sexualidade e a lesbofobia.<\/div>\n<div id=\"_mcePaste\" style=\"position: absolute; left: -10000px; top: 0px; width: 1px; height: 1px; overflow-x: hidden; overflow-y: hidden;\">J\u00e1 para a sexta-feira, no per\u00edodo a manh\u00e3, o debate ocorre a cerca dos temas \u201cMulheres e diversidade: geracional, ra\u00e7a-etnia e necessidades especiais\u201d e \u201cViol\u00eancia contra as mulheres: pol\u00edticas p\u00fablicas e legisla\u00e7\u00e3o\u201d. A tarde est\u00e1 reservada para os grupos de trabalho, que se debru\u00e7ar\u00e3o sobre as mesmas tem\u00e1ticas das mesas de debate. Confira aqui os palestrantes e a programa\u00e7\u00e3o completa do semin\u00e1rio.<\/div>\n<div id=\"_mcePaste\" style=\"position: absolute; left: -10000px; top: 0px; width: 1px; height: 1px; overflow-x: hidden; overflow-y: hidden;\">Fonte: ANDES-SN<\/div>\n<p>O ANDES-SN realiza nos dias 30 de junho e 1 de julho o I Semin\u00e1rio Nacional de Mulheres. O encontro, que acontece em Fortaleza (CE), ter\u00e1 como tema de abertura a viol\u00eancia contra as mulheres.<\/p>\n<p>Ainda no primeiro dia ser\u00e3o realizadas duas mesas de debate. A primeira abordar\u00e1 a participa\u00e7\u00e3o das mulheres na doc\u00eancia universit\u00e1ria e no movimento sindical. Enquanto a segunda tratar\u00e1 da sa\u00fade sexual e reprodutiva das mulheres, a sexualidade e a lesbofobia.<\/p>\n<p>J\u00e1 para a sexta-feira, no per\u00edodo a manh\u00e3, o debate ocorre a cerca dos temas \u201cMulheres e diversidade: geracional, ra\u00e7a-etnia e necessidades especiais\u201d e \u201cViol\u00eancia contra as mulheres: pol\u00edticas p\u00fablicas e legisla\u00e7\u00e3o\u201d. A tarde est\u00e1 reservada para os grupos de trabalho, que se debru\u00e7ar\u00e3o sobre as mesmas tem\u00e1ticas das mesas de debate. <a href=\"http:\/\/www.andes.org.br\/andes\/print-principais-noticias.andes?id=26\" target=\"_blank\">Confira aqui os palestrantes e a programa\u00e7\u00e3o completa do semin\u00e1rio.<\/a><\/p>\n<p><em>Fonte: ANDES-SN<\/em><\/p>\n","protected":false},"excerpt":{"rendered":"<p>Viol\u00eancia contra as mulheres ser\u00e1 tema de abertura do I Semin\u00e1rio Nacional de Mulheres do ANDES-SN O ANDES-SN realiza nos dias 30 de junho e 1 de julho o I Semin\u00e1rio Nacional de Mulheres. O encontro, que acontece em Fortaleza (CE), ter\u00e1 como tema de abertura a viol\u00eancia contra as mulheres. Ainda no primeiro dia&hellip;<\/p>\n","protected":false},"author":3,"featured_media":0,"comment_status":"open","ping_status":"open","sticky":false,"template":"","format":"standard","meta":{"footnotes":""},"categories":[15],"tags":[92],"class_list":["post-1741","post","type-post","status-publish","format-standard","hentry","category-noticias","tag-andes","category-15","description-off"],"_links":{"self":[{"href":"https:\/\/www.adufpb.org.br\/site\/wp-json\/wp\/v2\/posts\/1741","targetHints":{"allow":["GET"]}}],"collection":[{"href":"https:\/\/www.adufpb.org.br\/site\/wp-json\/wp\/v2\/posts"}],"about":[{"href":"https:\/\/www.adufpb.org.br\/site\/wp-json\/wp\/v2\/types\/post"}],"author":[{"embeddable":true,"href":"https:\/\/www.adufpb.org.br\/site\/wp-json\/wp\/v2\/users\/3"}],"replies":[{"embeddable":true,"href":"https:\/\/www.adufpb.org.br\/site\/wp-json\/wp\/v2\/comments?post=1741"}],"version-history":[{"count":1,"href":"https:\/\/www.adufpb.org.br\/site\/wp-json\/wp\/v2\/posts\/1741\/revisions"}],"predecessor-version":[{"id":1742,"href":"https:\/\/www.adufpb.org.br\/site\/wp-json\/wp\/v2\/posts\/1741\/revisions\/1742"}],"wp:attachment":[{"href":"https:\/\/www.adufpb.org.br\/site\/wp-json\/wp\/v2\/media?parent=1741"}],"wp:term":[{"taxonomy":"category","embeddable":true,"href":"https:\/\/www.adufpb.org.br\/site\/wp-json\/wp\/v2\/categories?post=1741"},{"taxonomy":"post_tag","embeddable":true,"href":"https:\/\/www.adufpb.org.br\/site\/wp-json\/wp\/v2\/tags?post=1741"}],"curies":[{"name":"wp","href":"https:\/\/api.w.org\/{rel}","templated":true}]}}