{"id":17336,"date":"2017-10-25T11:34:26","date_gmt":"2017-10-25T14:34:26","guid":{"rendered":"http:\/\/www.adufpb.org.br\/site\/?p=17336"},"modified":"2017-10-25T11:34:26","modified_gmt":"2017-10-25T14:34:26","slug":"campanha-de-combate-ao-assedio-sexual-do-andes-sn-circula-pelo-pais","status":"publish","type":"post","link":"https:\/\/www.adufpb.org.br\/site\/campanha-de-combate-ao-assedio-sexual-do-andes-sn-circula-pelo-pais\/","title":{"rendered":"Campanha de combate ao ass\u00e9dio sexual do ANDES-SN circula pelo pa\u00eds"},"content":{"rendered":"<div id=\"conteudo\">\n<p><a href=\"http:\/\/www.adufpb.org.br\/site\/wp-content\/uploads\/2017\/10\/Campanha-de-combate-ao-ass\u00e9dio-sexual.jpg\"><img loading=\"lazy\" decoding=\"async\" class=\"alignleft size-medium wp-image-17338\" alt=\"Campanha de combate ao ass\u00e9dio sexual\" src=\"http:\/\/www.adufpb.org.br\/site\/wp-content\/uploads\/2017\/10\/Campanha-de-combate-ao-ass\u00e9dio-sexual-300x200.jpg\" width=\"300\" height=\"200\" srcset=\"https:\/\/www.adufpb.org.br\/site\/wp-content\/uploads\/2017\/10\/Campanha-de-combate-ao-ass\u00e9dio-sexual-300x200.jpg 300w, https:\/\/www.adufpb.org.br\/site\/wp-content\/uploads\/2017\/10\/Campanha-de-combate-ao-ass\u00e9dio-sexual.jpg 450w\" sizes=\"auto, (max-width: 300px) 100vw, 300px\" \/><\/a>O ANDES-SN lan\u00e7ou nos \u00faltimos dias, em diversos estados do pa\u00eds, a campanha do Sindicato Nacional de combate ao ass\u00e9dio sexual e tamb\u00e9m pra pautar o debate sobre o ass\u00e9dio e machismo\u00a0em diversos espa\u00e7os, inclusive no acad\u00eamico, com o objetivo de\u00a0desnaturalizar esse tipo de viol\u00eancia.<\/p>\n<p>Nas ocasi\u00f5es, diretoras do ANDES-SN promoveram o debate sobre o tema e exibiram materiais como cartazes, adesivos, e v\u00eddeo elucidativo sobre o que \u00e9 o ass\u00e9dio sexual, e a cartilha \u201cContra todas as formas de ass\u00e9dio, em defesa dos direitos das mulheres, das\/os ind\u00edgenas, das\/os negros, dos LGBTs&#8221;. Estes materiais foram lan\u00e7ados em julho deste ano durante o 62\u00b0 Conad do ANDES-SN, por meio do Grupo de Trabalho de Pol\u00edticas de Classe, quest\u00f5es Etnicorraciais, G\u00eanero e Diversidade Sexual (GTPCEGDS).\u00a0<a href=\"http:\/\/www.andes.org.br\/andes\/print-principais-noticias.andes?id=168\" target=\"_blank\"><strong>Acesse aqui os materiais.<\/strong><\/a><\/p>\n<p>Na quarta-feira (18), Lila Cristina Xavier Luz, 1\u00b0 vice-presidente da Regional Nordeste I do ANDES-SN e da coordena\u00e7\u00e3o do GTPCEGDS do Sindicato Nacional, lan\u00e7ou a campanha na Universidade Estadual do Piau\u00ed (Uespi), com a cartilha e os materiais produzidos pelo Sindicato. Um dia antes, Eblin Farage, presidente do ANDES-SN, participou do debate sobre o &#8220;Ass\u00e9dio Sexual nas Universidades: enfrentamentos em tempo de crise&#8221;, promovido pelo F\u00f3rum de Mulheres da Universidade Federal da Para\u00edba (UFPB) e realizado na pr\u00f3pria institui\u00e7\u00e3o. Por l\u00e1, a presidente do Sindicato Nacional promoveu a campanha de ass\u00e9dio sexual e somou \u00e0 luta e experi\u00eancia do Sindicato para combater esse mal que atinge, inclusive, as mulheres nos espa\u00e7os sindicais e acad\u00eamicos, como as estudantes, servidoras t\u00e9cnico-\u00acadministrativas, terceirizadas e docentes.<\/p>\n<p>Tamb\u00e9m no 3\u00ba Congresso Nacional da CSP-Conlutas, que ocorreu de 12 a 15 de outubro em Sumar\u00e9 (SP),\u00a0<a href=\"http:\/\/www.andes.org.br\/andes\/print-ultimas-noticias.andes?id=9096\" target=\"_blank\">mulheres do ANDES-SN e de outras entidades e movimentos sociais e populares<\/a>\u00a0subiram ao palco com cartazes nas m\u00e3os, da campanha nacional do Sindicato, e deram um recado ao plen\u00e1rio \u201cL\u00e1 fora e dentro da CSP-Conlutas h\u00e1 que se ter respeito pelas diferen\u00e7as de g\u00eanero, n\u00e3o ao ass\u00e9dio sexual, n\u00e3o \u00e0 homofobia, n\u00e3o ao machismo!\u201d, disseram. No \u00faltimo dia do congresso, foi exibido o v\u00eddeo da campanha do ANDES-SN contra o ass\u00e9dio sexual.<\/p>\n<p><a href=\"http:\/\/www.adufpb.org.br\/site\/wp-content\/uploads\/2017\/10\/Campanha-de-combate-ao-ass\u00e9dio-sexual-2.jpg\"><img loading=\"lazy\" decoding=\"async\" class=\"alignright size-medium wp-image-17337\" alt=\"Campanha de combate ao ass\u00e9dio sexual 2\" src=\"http:\/\/www.adufpb.org.br\/site\/wp-content\/uploads\/2017\/10\/Campanha-de-combate-ao-ass\u00e9dio-sexual-2-300x225.jpg\" width=\"300\" height=\"225\" srcset=\"https:\/\/www.adufpb.org.br\/site\/wp-content\/uploads\/2017\/10\/Campanha-de-combate-ao-ass\u00e9dio-sexual-2-300x225.jpg 300w, https:\/\/www.adufpb.org.br\/site\/wp-content\/uploads\/2017\/10\/Campanha-de-combate-ao-ass\u00e9dio-sexual-2.jpg 400w\" sizes=\"auto, (max-width: 300px) 100vw, 300px\" \/><\/a>Para Caroline Lima, 1\u00aa vice-presidente da Regional Nordeste III do ANDES-SN e da coordena\u00e7\u00e3o do GTPCEGDS, explica que a vers\u00e3o ampliada e revisada da cartilha traz um debate muito importante para o Sindicato Nacional, que \u00e9 o combate ao ass\u00e9dio sexual. \u201cA procura das se\u00e7\u00f5es sindicais para que o GTPCEGDS do ANDES-SN v\u00e1 at\u00e9 as institui\u00e7\u00f5es e promova o debate sobre o tema e lance a cartilha tem aumentado. E, mais, as se\u00e7\u00f5es tem criado GT\u00b4s para debater sobre o tema, o que significou ainda um aumento de docentes nas reuni\u00f5es do GTPCEGDS e de professores que atuam no GT e, ainda, a constru\u00e7\u00e3o do evento integrado no final de agosto em Pelotas (RS). Al\u00e9m disso, o debate sobre as opress\u00f5es e ass\u00e9dio sexual e a import\u00e2ncia da reeduca\u00e7\u00e3o, tamb\u00e9m fez com que professoras e estudantes se organizassem em movimentos de mulheres e feministas, mudando comportamentos dentro das universidades\u201d, disse.<\/p>\n<p><em>*Com imagens das se\u00e7\u00f5es sindicais<\/em><\/p>\n<p><em>Fonte:\u00a0ANDES-SN<\/em><\/p>\n<\/div>\n","protected":false},"excerpt":{"rendered":"<p>O ANDES-SN lan\u00e7ou nos \u00faltimos dias, em diversos estados do pa\u00eds, a campanha do Sindicato Nacional de combate ao ass\u00e9dio sexual e tamb\u00e9m pra pautar o debate sobre o ass\u00e9dio e machismo\u00a0em diversos espa\u00e7os, inclusive no acad\u00eamico, com o objetivo de\u00a0desnaturalizar esse tipo de viol\u00eancia. Nas ocasi\u00f5es, diretoras do ANDES-SN promoveram o debate sobre o&hellip;<\/p>\n","protected":false},"author":3,"featured_media":0,"comment_status":"closed","ping_status":"closed","sticky":false,"template":"","format":"standard","meta":{"footnotes":""},"categories":[15],"tags":[],"class_list":["post-17336","post","type-post","status-publish","format-standard","hentry","category-noticias","category-15","description-off"],"_links":{"self":[{"href":"https:\/\/www.adufpb.org.br\/site\/wp-json\/wp\/v2\/posts\/17336","targetHints":{"allow":["GET"]}}],"collection":[{"href":"https:\/\/www.adufpb.org.br\/site\/wp-json\/wp\/v2\/posts"}],"about":[{"href":"https:\/\/www.adufpb.org.br\/site\/wp-json\/wp\/v2\/types\/post"}],"author":[{"embeddable":true,"href":"https:\/\/www.adufpb.org.br\/site\/wp-json\/wp\/v2\/users\/3"}],"replies":[{"embeddable":true,"href":"https:\/\/www.adufpb.org.br\/site\/wp-json\/wp\/v2\/comments?post=17336"}],"version-history":[{"count":1,"href":"https:\/\/www.adufpb.org.br\/site\/wp-json\/wp\/v2\/posts\/17336\/revisions"}],"predecessor-version":[{"id":17339,"href":"https:\/\/www.adufpb.org.br\/site\/wp-json\/wp\/v2\/posts\/17336\/revisions\/17339"}],"wp:attachment":[{"href":"https:\/\/www.adufpb.org.br\/site\/wp-json\/wp\/v2\/media?parent=17336"}],"wp:term":[{"taxonomy":"category","embeddable":true,"href":"https:\/\/www.adufpb.org.br\/site\/wp-json\/wp\/v2\/categories?post=17336"},{"taxonomy":"post_tag","embeddable":true,"href":"https:\/\/www.adufpb.org.br\/site\/wp-json\/wp\/v2\/tags?post=17336"}],"curies":[{"name":"wp","href":"https:\/\/api.w.org\/{rel}","templated":true}]}}