{"id":17252,"date":"2017-10-17T10:24:12","date_gmt":"2017-10-17T13:24:12","guid":{"rendered":"http:\/\/www.adufpb.org.br\/site\/?p=17252"},"modified":"2017-10-17T10:45:44","modified_gmt":"2017-10-17T13:45:44","slug":"nota-de-pesar-79","status":"publish","type":"post","link":"https:\/\/www.adufpb.org.br\/site\/nota-de-pesar-79\/","title":{"rendered":"NOTA DE PESAR"},"content":{"rendered":"<p style=\"text-align: center;\"><a href=\"http:\/\/www.adufpb.org.br\/site\/wp-content\/uploads\/2017\/10\/professor-pedro-germano.jpeg\"><img loading=\"lazy\" decoding=\"async\" class=\"aligncenter size-medium wp-image-17255\" alt=\"professor pedro germano\" src=\"http:\/\/www.adufpb.org.br\/site\/wp-content\/uploads\/2017\/10\/professor-pedro-germano-174x300.jpeg\" width=\"174\" height=\"300\" srcset=\"https:\/\/www.adufpb.org.br\/site\/wp-content\/uploads\/2017\/10\/professor-pedro-germano-174x300.jpeg 174w, https:\/\/www.adufpb.org.br\/site\/wp-content\/uploads\/2017\/10\/professor-pedro-germano.jpeg 348w\" sizes=\"auto, (max-width: 174px) 100vw, 174px\" \/><\/a><\/p>\n<p><span style=\"font-size: large;\">A diretoria da ADUFPB, em nome dos professores e professoras, vem a p\u00fablico manifestar o seu pesar pelo falecimento, ocorrido na noite de segunda-feira, 16 de outubro de 2017, do professor <strong>PEDRO GERMANO ANTONINO NUNES<\/strong>, do Departamento de Gest\u00e3o e Tecnologia Agroindustrial do Centro de Ci\u00eancias Humanas, Sociais e Agr\u00e1rias (CCHSA) da UFPB, campus III, em Bananeiras. O professor Pedro Germano era atualmente vice-diretor do CCHSA.<\/span><\/p>\n<p><span style=\"font-size: large;\">O corpo ser\u00e1 velado ao longo do dia de hoje na cidade de <strong>Serra Branca (PB) e o enterro ocorrer\u00e1 \u00e0s 17h<\/strong>.<\/span><\/p>\n<p><span style=\"font-size: large;\">A ADUFPB informa, ainda, que, em virtude do luto pela morte do professor Pedro Germano, n\u00e3o foi realizada a assembleia docente que estava programada para ocorrer na manh\u00e3 desta ter\u00e7a-feira no campus III.<\/span><\/p>\n<p><span style=\"font-size: large;\">Aos amigos e membros da fam\u00edlia, nossos sentimentos.<\/span><\/p>\n<p style=\"text-align: center;\"><span style=\"font-size: large;\">Jo\u00e3o Pessoa, 17 de outubro de 2017.<\/span><\/p>\n<p style=\"text-align: center;\"><span style=\"font-size: large;\">Diretoria Executiva<\/span><\/p>\n","protected":false},"excerpt":{"rendered":"<p>A diretoria da ADUFPB, em nome dos professores e professoras, vem a p\u00fablico manifestar o seu pesar pelo falecimento, ocorrido na noite de segunda-feira, 16 de outubro de 2017, do professor PEDRO GERMANO ANTONINO NUNES, do Departamento de Gest\u00e3o e Tecnologia Agroindustrial do Centro de Ci\u00eancias Humanas, Sociais e Agr\u00e1rias (CCHSA) da UFPB, campus III,&hellip;<\/p>\n","protected":false},"author":3,"featured_media":0,"comment_status":"closed","ping_status":"closed","sticky":false,"template":"","format":"standard","meta":{"footnotes":""},"categories":[15],"tags":[],"class_list":["post-17252","post","type-post","status-publish","format-standard","hentry","category-noticias","category-15","description-off"],"_links":{"self":[{"href":"https:\/\/www.adufpb.org.br\/site\/wp-json\/wp\/v2\/posts\/17252","targetHints":{"allow":["GET"]}}],"collection":[{"href":"https:\/\/www.adufpb.org.br\/site\/wp-json\/wp\/v2\/posts"}],"about":[{"href":"https:\/\/www.adufpb.org.br\/site\/wp-json\/wp\/v2\/types\/post"}],"author":[{"embeddable":true,"href":"https:\/\/www.adufpb.org.br\/site\/wp-json\/wp\/v2\/users\/3"}],"replies":[{"embeddable":true,"href":"https:\/\/www.adufpb.org.br\/site\/wp-json\/wp\/v2\/comments?post=17252"}],"version-history":[{"count":5,"href":"https:\/\/www.adufpb.org.br\/site\/wp-json\/wp\/v2\/posts\/17252\/revisions"}],"predecessor-version":[{"id":17259,"href":"https:\/\/www.adufpb.org.br\/site\/wp-json\/wp\/v2\/posts\/17252\/revisions\/17259"}],"wp:attachment":[{"href":"https:\/\/www.adufpb.org.br\/site\/wp-json\/wp\/v2\/media?parent=17252"}],"wp:term":[{"taxonomy":"category","embeddable":true,"href":"https:\/\/www.adufpb.org.br\/site\/wp-json\/wp\/v2\/categories?post=17252"},{"taxonomy":"post_tag","embeddable":true,"href":"https:\/\/www.adufpb.org.br\/site\/wp-json\/wp\/v2\/tags?post=17252"}],"curies":[{"name":"wp","href":"https:\/\/api.w.org\/{rel}","templated":true}]}}