{"id":17231,"date":"2017-10-13T12:20:42","date_gmt":"2017-10-13T15:20:42","guid":{"rendered":"http:\/\/www.adufpb.org.br\/site\/?p=17231"},"modified":"2017-10-16T15:35:32","modified_gmt":"2017-10-16T18:35:32","slug":"dia-doa-professora-adufpb-realiza-cafe-da-manha-na-proxima-2a-feira-1610","status":"publish","type":"post","link":"https:\/\/www.adufpb.org.br\/site\/dia-doa-professora-adufpb-realiza-cafe-da-manha-na-proxima-2a-feira-1610\/","title":{"rendered":"Dia do(a) Professor(a): ADUFPB realiza homenagens nos dias 16, 17 e 18"},"content":{"rendered":"<p>Em comemora\u00e7\u00e3o ao Dia do(a) Professor(a), a ADUFPB realizar\u00e1 na pr\u00f3xima semana atividades sociais para homenagear a categoria e proporcionar um momento de confraterniza\u00e7\u00e3o.<\/p>\n<p>A Diretoria Executiva destaca, ainda, que *n\u00e3o* haver\u00e1, no domingo, 15 de outubro, qualquer atividade referente \u00e0 comemora\u00e7\u00e3o do Dia do(a) Professor(a) na sede sociocultural da entidade.<\/p>\n<p>Na segunda-feira, 16 de outubro, ser\u00e1 realizado um caf\u00e9 da manh\u00e3, a partir das 8h30, no Terra\u00e7o Cultural Silvio Frank Allem da sede administratriva da ADUFPB, localizada no Centro de Viv\u00eancia do campus I.<\/p>\n<p>Ter\u00e7a-feira, dia 17, a comemora\u00e7\u00e3o ocorrer\u00e1 na subsecretaria do campus de Areia, com um almo\u00e7o a partir das 12h. O evento ter\u00e1 m\u00fasica ao vivo, com o cantos Ivandro C\u00e2ndido.<\/p>\n<p>Por fim, encerrando as comemora\u00e7\u00f5es, haver\u00e1 na quarta-feira, dia 18, um coquetel com sorteio de brindes, na subsecretaria da ADUFPB do campus Litoral Norte, localizada em Mamanguape. A atividade come\u00e7ar\u00e1 \u00e0s 17h.<\/p>\n<p>No campus de Bananeiras, a comemora\u00e7\u00e3o do Dia do(a) Professor (a) ocorreu no dia 11, com um caf\u00e9 da manh\u00e3 na subsecretaria da ADUFPB. Veja algumas fotos da atividade:<\/p>\n\n\t\t\t<style type='text\/css'>\n\t\t\t\t#gallery-1 {\n\t\t\t\t\tmargin: auto;\n\t\t\t\t}\n\t\t\t\t#gallery-1 .gallery-item {\n\t\t\t\t\tfloat: left;\n\t\t\t\t\tmargin-top: 10px;\n\t\t\t\t\ttext-align: center;\n\t\t\t\t\twidth: 33%;\n\t\t\t\t}\n\t\t\t\t#gallery-1 img {\n\t\t\t\t\tborder: 2px solid #cfcfcf;\n\t\t\t\t}\n\t\t\t\t#gallery-1 .gallery-caption {\n\t\t\t\t\tmargin-left: 0;\n\t\t\t\t}\n\t\t\t\t\/* see gallery_shortcode() in wp-includes\/media.php *\/\n\t\t\t<\/style>\n\t\t<div id='gallery-1' class='dt-gallery-container gallery galleryid-17231 gallery-columns-3 gallery-size-thumbnail'><dl class='gallery-item'>\n\t\t\t\t<dt class='gallery-icon landscape'>\n\t\t\t\t\t<a class=\"rollover\" href='https:\/\/www.adufpb.org.br\/site\/dia-doa-professora-adufpb-realiza-cafe-da-manha-na-proxima-2a-feira-1610\/2017-10-11-cafe-da-manha-bananeiras-2\/'><img loading=\"lazy\" decoding=\"async\" width=\"150\" height=\"150\" src=\"https:\/\/www.adufpb.org.br\/site\/wp-content\/uploads\/2017\/10\/2017.10.11-caf\u00e9-da-manh\u00e3-bananeiras-2-150x150.jpeg\" class=\"attachment-thumbnail size-thumbnail\" alt=\"\" \/><\/a>\n\t\t\t\t<\/dt><\/dl><dl class='gallery-item'>\n\t\t\t\t<dt class='gallery-icon landscape'>\n\t\t\t\t\t<a class=\"rollover\" href='https:\/\/www.adufpb.org.br\/site\/dia-doa-professora-adufpb-realiza-cafe-da-manha-na-proxima-2a-feira-1610\/2017-10-11-cafe-da-manha-bananeiras-3\/'><img loading=\"lazy\" decoding=\"async\" width=\"150\" height=\"150\" src=\"https:\/\/www.adufpb.org.br\/site\/wp-content\/uploads\/2017\/10\/2017.10.11-caf\u00e9-da-manh\u00e3-bananeiras-3-150x150.jpeg\" class=\"attachment-thumbnail size-thumbnail\" alt=\"\" \/><\/a>\n\t\t\t\t<\/dt><\/dl><dl class='gallery-item'>\n\t\t\t\t<dt class='gallery-icon landscape'>\n\t\t\t\t\t<a class=\"rollover\" href='https:\/\/www.adufpb.org.br\/site\/dia-doa-professora-adufpb-realiza-cafe-da-manha-na-proxima-2a-feira-1610\/2017-10-11-cafe-da-manha-bananeiras-4\/'><img loading=\"lazy\" decoding=\"async\" width=\"150\" height=\"150\" src=\"https:\/\/www.adufpb.org.br\/site\/wp-content\/uploads\/2017\/10\/2017.10.11-caf\u00e9-da-manh\u00e3-bananeiras-4-150x150.jpeg\" class=\"attachment-thumbnail size-thumbnail\" alt=\"\" \/><\/a>\n\t\t\t\t<\/dt><\/dl><br style=\"clear: both\" \/><dl class='gallery-item'>\n\t\t\t\t<dt class='gallery-icon landscape'>\n\t\t\t\t\t<a class=\"rollover\" href='https:\/\/www.adufpb.org.br\/site\/dia-doa-professora-adufpb-realiza-cafe-da-manha-na-proxima-2a-feira-1610\/2017-10-11-cafe-da-manha-bananeiras-5\/'><img loading=\"lazy\" decoding=\"async\" width=\"150\" height=\"150\" src=\"https:\/\/www.adufpb.org.br\/site\/wp-content\/uploads\/2017\/10\/2017.10.11-caf\u00e9-da-manh\u00e3-bananeiras-5-150x150.jpeg\" class=\"attachment-thumbnail size-thumbnail\" alt=\"\" \/><\/a>\n\t\t\t\t<\/dt><\/dl><dl class='gallery-item'>\n\t\t\t\t<dt class='gallery-icon landscape'>\n\t\t\t\t\t<a class=\"rollover\" href='https:\/\/www.adufpb.org.br\/site\/dia-doa-professora-adufpb-realiza-cafe-da-manha-na-proxima-2a-feira-1610\/2017-10-11-cafe-da-manha-bananeiras-6\/'><img loading=\"lazy\" decoding=\"async\" width=\"150\" height=\"150\" src=\"https:\/\/www.adufpb.org.br\/site\/wp-content\/uploads\/2017\/10\/2017.10.11-caf\u00e9-da-manh\u00e3-bananeiras-6-150x150.jpeg\" class=\"attachment-thumbnail size-thumbnail\" alt=\"\" \/><\/a>\n\t\t\t\t<\/dt><\/dl><dl class='gallery-item'>\n\t\t\t\t<dt class='gallery-icon landscape'>\n\t\t\t\t\t<a class=\"rollover\" href='https:\/\/www.adufpb.org.br\/site\/dia-doa-professora-adufpb-realiza-cafe-da-manha-na-proxima-2a-feira-1610\/2017-10-11-cafe-da-manha-bananeiras\/'><img loading=\"lazy\" decoding=\"async\" width=\"150\" height=\"150\" src=\"https:\/\/www.adufpb.org.br\/site\/wp-content\/uploads\/2017\/10\/2017.10.11-caf\u00e9-da-manh\u00e3-bananeiras-150x150.jpeg\" class=\"attachment-thumbnail size-thumbnail\" alt=\"\" \/><\/a>\n\t\t\t\t<\/dt><\/dl><br style=\"clear: both\" \/>\n\t\t\t<\/div>\n\n<p><em>Fonte: Ascom ADUFPB<\/em><\/p>\n","protected":false},"excerpt":{"rendered":"<p>Em comemora\u00e7\u00e3o ao Dia do(a) Professor(a), a ADUFPB realizar\u00e1 na pr\u00f3xima semana atividades sociais para homenagear a categoria e proporcionar um momento de confraterniza\u00e7\u00e3o. A Diretoria Executiva destaca, ainda, que *n\u00e3o* haver\u00e1, no domingo, 15 de outubro, qualquer atividade referente \u00e0 comemora\u00e7\u00e3o do Dia do(a) Professor(a) na sede sociocultural da entidade. Na segunda-feira, 16 de&hellip;<\/p>\n","protected":false},"author":3,"featured_media":17232,"comment_status":"closed","ping_status":"closed","sticky":false,"template":"","format":"standard","meta":{"footnotes":""},"categories":[15],"tags":[763,173,66,742,1071,97,869],"class_list":["post-17231","post","type-post","status-publish","format-standard","has-post-thumbnail","hentry","category-noticias","tag-areia","tag-bananeiras","tag-dia-do-professor","tag-homenagem","tag-interior","tag-litoral-norte","tag-terraco-silvio-frank-allen","category-15","description-off"],"_links":{"self":[{"href":"https:\/\/www.adufpb.org.br\/site\/wp-json\/wp\/v2\/posts\/17231","targetHints":{"allow":["GET"]}}],"collection":[{"href":"https:\/\/www.adufpb.org.br\/site\/wp-json\/wp\/v2\/posts"}],"about":[{"href":"https:\/\/www.adufpb.org.br\/site\/wp-json\/wp\/v2\/types\/post"}],"author":[{"embeddable":true,"href":"https:\/\/www.adufpb.org.br\/site\/wp-json\/wp\/v2\/users\/3"}],"replies":[{"embeddable":true,"href":"https:\/\/www.adufpb.org.br\/site\/wp-json\/wp\/v2\/comments?post=17231"}],"version-history":[{"count":4,"href":"https:\/\/www.adufpb.org.br\/site\/wp-json\/wp\/v2\/posts\/17231\/revisions"}],"predecessor-version":[{"id":17242,"href":"https:\/\/www.adufpb.org.br\/site\/wp-json\/wp\/v2\/posts\/17231\/revisions\/17242"}],"wp:featuredmedia":[{"embeddable":true,"href":"https:\/\/www.adufpb.org.br\/site\/wp-json\/wp\/v2\/media\/17232"}],"wp:attachment":[{"href":"https:\/\/www.adufpb.org.br\/site\/wp-json\/wp\/v2\/media?parent=17231"}],"wp:term":[{"taxonomy":"category","embeddable":true,"href":"https:\/\/www.adufpb.org.br\/site\/wp-json\/wp\/v2\/categories?post=17231"},{"taxonomy":"post_tag","embeddable":true,"href":"https:\/\/www.adufpb.org.br\/site\/wp-json\/wp\/v2\/tags?post=17231"}],"curies":[{"name":"wp","href":"https:\/\/api.w.org\/{rel}","templated":true}]}}