{"id":1712,"date":"2011-06-14T22:20:43","date_gmt":"2011-06-15T02:20:43","guid":{"rendered":"http:\/\/www.adufpb.org.br\/site\/novo-conselho-de-representantes-confira-a-relacao-dos-eleitos\/"},"modified":"2011-06-16T15:55:20","modified_gmt":"2011-06-16T19:55:20","slug":"novo-conselho-de-representantes-confira-a-relacao-dos-eleitos","status":"publish","type":"post","link":"https:\/\/www.adufpb.org.br\/site\/novo-conselho-de-representantes-confira-a-relacao-dos-eleitos\/","title":{"rendered":"Novo Conselho de Representantes: confira a rela\u00e7\u00e3o dos eleitos"},"content":{"rendered":"<p align=\"center\"><strong><em> <\/em><\/strong><\/p>\n<p align=\"center\"><strong><span style=\"text-decoration: underline;\">APURA\u00c7\u00c3O ELEI\u00c7\u00d5ES<\/span><\/strong><\/p>\n<p align=\"center\"><strong>CONSELHO DE REPRESENTANTES <\/strong><\/p>\n<p align=\"center\"><strong>GEST\u00c3O 2011\/2013<\/strong><\/p>\n<p style=\"text-align: left;\">\n<p><strong><span style=\"text-decoration: underline;\"> <\/span><\/strong><\/p>\n<p><strong><span style=\"text-decoration: underline;\"> <\/span><\/strong><\/p>\n<p align=\"center\">\n<p align=\"center\"><strong><span style=\"text-decoration: underline;\">CENTRO DE CI\u00caNCIAS EXATAS E DA NATUREZA \u2013 CCEN<\/span><\/strong><\/p>\n<p><strong><span style=\"text-decoration: underline;\"> <\/span><\/strong><\/p>\n<table border=\"0\" cellspacing=\"0\" cellpadding=\"0\">\n<tbody>\n<tr>\n<td width=\"62\" height=\"45\" bgcolor=\"white\">\n<table style=\"width: 100%;\" border=\"0\" cellspacing=\"0\" cellpadding=\"0\">\n<tbody>\n<tr>\n<td><strong>39<\/strong><\/td>\n<\/tr>\n<\/tbody>\n<\/table>\n<\/td>\n<\/tr>\n<\/tbody>\n<\/table>\n<p>FELINTO DE SOUSA NETO (Titular)<\/p>\n<p>SEVERINO FRANCISCO DE OLIVEIRA (Suplente)<\/p>\n<table border=\"0\" cellspacing=\"0\" cellpadding=\"0\">\n<tbody>\n<tr>\n<td width=\"62\" height=\"45\" bgcolor=\"white\">\n<table style=\"width: 100%;\" border=\"0\" cellspacing=\"0\" cellpadding=\"0\">\n<tbody>\n<tr>\n<td><strong>50<\/strong><\/td>\n<\/tr>\n<\/tbody>\n<\/table>\n<\/td>\n<\/tr>\n<\/tbody>\n<\/table>\n<p>JOS\u00c9 DE QUEIROZ CALU\u00caTE (Titular)<\/p>\n<p>IVONEIDE DANTAS BARBOSA (Suplente)<\/p>\n<p align=\"center\"><strong><span style=\"text-decoration: underline;\">CENTRO DE CI\u00caNCIAS JUR\u00cdDICAS \u2013 CCJ<\/span><\/strong><\/p>\n<table border=\"0\" cellspacing=\"0\" cellpadding=\"0\">\n<tbody>\n<tr>\n<td width=\"62\" height=\"45\" bgcolor=\"white\">\n<table style=\"width: 100%;\" border=\"0\" cellspacing=\"0\" cellpadding=\"0\">\n<tbody>\n<tr>\n<td><strong>10<\/strong><\/td>\n<\/tr>\n<\/tbody>\n<\/table>\n<\/td>\n<\/tr>\n<\/tbody>\n<\/table>\n<p>MARCOS C\u00c9LIO DO NASCIMENTO (Titular)<\/p>\n<p>MELISSA GUSM\u00c3O RAMOS\u00a0 (Suplente)<\/p>\n<p align=\"center\"><strong><span style=\"text-decoration: underline;\">CENTRO DE CI\u00caNCIAS SOCIAIS APLICADAS \u2013 CCSA<\/span><\/strong><\/p>\n<table border=\"0\" cellspacing=\"0\" cellpadding=\"0\">\n<tbody>\n<tr>\n<td width=\"62\" height=\"45\" bgcolor=\"white\">\n<table style=\"width: 100%;\" border=\"0\" cellspacing=\"0\" cellpadding=\"0\">\n<tbody>\n<tr>\n<td><strong>34<\/strong><\/td>\n<\/tr>\n<\/tbody>\n<\/table>\n<\/td>\n<\/tr>\n<\/tbody>\n<\/table>\n<p>ROSA ZULEIDE LIMA DE BRITO (Titular)<\/p>\n<p>CARLOS PEDR4OSA J\u00daNIOR (Suplente)<\/p>\n<table border=\"0\" cellspacing=\"0\" cellpadding=\"0\">\n<tbody>\n<tr>\n<td width=\"62\" height=\"45\" bgcolor=\"white\">\n<table style=\"width: 100%;\" border=\"0\" cellspacing=\"0\" cellpadding=\"0\">\n<tbody>\n<tr>\n<td><strong>30<\/strong><\/td>\n<\/tr>\n<\/tbody>\n<\/table>\n<\/td>\n<\/tr>\n<\/tbody>\n<\/table>\n<p>GL\u00c1UCIA GUIMAR\u00c3ES DA SILVEIRA E SILVA (Titular)<\/p>\n<p>VICTORIA PUNTRIANO ZUNIGA (Suplente)<\/p>\n<table border=\"0\" cellspacing=\"0\" cellpadding=\"0\">\n<tbody>\n<tr>\n<td width=\"62\" height=\"45\" bgcolor=\"white\">\n<table style=\"width: 100%;\" border=\"0\" cellspacing=\"0\" cellpadding=\"0\">\n<tbody>\n<tr>\n<td><strong>29<\/strong><\/td>\n<\/tr>\n<\/tbody>\n<\/table>\n<\/td>\n<\/tr>\n<\/tbody>\n<\/table>\n<p>DANIEL DE CAMPOS ANTIQUERA (Titular)<\/p>\n<p>HENRIQUE ZEFERINO DE MENEZES (Suplente)<\/p>\n<p align=\"center\">\n<p align=\"center\"><strong><span style=\"text-decoration: underline;\">CENTRO DE TECNOLOGIA \u2013 CT<\/span><\/strong><\/p>\n<table border=\"0\" cellspacing=\"0\" cellpadding=\"0\">\n<tbody>\n<tr>\n<td width=\"63\" height=\"45\" bgcolor=\"white\">\n<table style=\"width: 100%;\" border=\"0\" cellspacing=\"0\" cellpadding=\"0\">\n<tbody>\n<tr>\n<td><strong>25<\/strong><\/td>\n<\/tr>\n<\/tbody>\n<\/table>\n<\/td>\n<\/tr>\n<\/tbody>\n<\/table>\n<p>RENNIO FELIX DE SENA (Titular)<\/p>\n<p>GERALDO DANTAS SILVESTRE FILHO (Titular)<\/p>\n<table border=\"0\" cellspacing=\"0\" cellpadding=\"0\">\n<tbody>\n<tr>\n<td width=\"63\" height=\"45\" bgcolor=\"white\">\n<table style=\"width: 100%;\" border=\"0\" cellspacing=\"0\" cellpadding=\"0\">\n<tbody>\n<tr>\n<td><strong>30<\/strong><\/td>\n<\/tr>\n<\/tbody>\n<\/table>\n<\/td>\n<\/tr>\n<\/tbody>\n<\/table>\n<p>EDJALMA FERREIRA DE SOUZA (Titular)<\/p>\n<p>H\u00c9LIO CAVALCANTE DA SILVA (Suplente)<\/p>\n<table border=\"0\" cellspacing=\"0\" cellpadding=\"0\">\n<tbody>\n<tr>\n<td width=\"63\" height=\"45\" bgcolor=\"white\">\n<table style=\"width: 100%;\" border=\"0\" cellspacing=\"0\" cellpadding=\"0\">\n<tbody>\n<tr>\n<td><strong>31<\/strong><\/td>\n<\/tr>\n<\/tbody>\n<\/table>\n<\/td>\n<\/tr>\n<\/tbody>\n<\/table>\n<p>LINEY CARNEIRO BENEVIDES (Titular)<\/p>\n<p>RICARDO TARGINO MOREIRA\u00a0 (Suplente)<\/p>\n<p><strong> <\/strong><\/p>\n<p align=\"center\"><strong><span style=\"text-decoration: underline;\">CENTRO DE CI\u00caNCIAS M\u00c9DICAS \u2013 CCM<\/span><\/strong><\/p>\n<p align=\"center\"><strong><span style=\"text-decoration: underline;\"> <\/span><\/strong><\/p>\n<table border=\"0\" cellspacing=\"0\" cellpadding=\"0\">\n<tbody>\n<tr>\n<td width=\"63\" height=\"45\" bgcolor=\"white\">\n<table style=\"width: 100%;\" border=\"0\" cellspacing=\"0\" cellpadding=\"0\">\n<tbody>\n<tr>\n<td><strong>19<\/strong><\/td>\n<\/tr>\n<\/tbody>\n<\/table>\n<\/td>\n<\/tr>\n<\/tbody>\n<\/table>\n<p>GESUALDO PEREIRA SOARES (Titular)<\/p>\n<p>JOS\u00c9 LUIS SIM\u00d5ES MAROJA (Suplente)<\/p>\n<table border=\"0\" cellspacing=\"0\" cellpadding=\"0\">\n<tbody>\n<tr>\n<td width=\"63\" height=\"45\" bgcolor=\"white\">\n<table style=\"width: 100%;\" border=\"0\" cellspacing=\"0\" cellpadding=\"0\">\n<tbody>\n<tr>\n<td><strong>26<\/strong><\/td>\n<\/tr>\n<\/tbody>\n<\/table>\n<\/td>\n<\/tr>\n<\/tbody>\n<\/table>\n<p>EVAN\u00cdZIO ROQUE DE ARRUDA J\u00daNIOR (Titular)<\/p>\n<p>BENEDITO BRUNO DE OLIVEIRA\u00a0 (Suplente)<\/p>\n<p><strong><span style=\"text-decoration: underline;\"><br \/>\n<\/span><\/strong><\/p>\n<p><strong><span style=\"text-decoration: underline;\"> <\/span><\/strong><\/p>\n<p><strong><span style=\"text-decoration: underline;\"> <\/span><\/strong><\/p>\n<p align=\"center\"><strong><span style=\"text-decoration: underline;\">CENTRO DE CI\u00caNCIAS DA SA\u00daDE \u2013 CCS<\/span><\/strong><\/p>\n<p><span style=\"text-decoration: underline;\"> <\/span><\/p>\n<table border=\"0\" cellspacing=\"0\" cellpadding=\"0\">\n<tbody>\n<tr>\n<td width=\"63\" height=\"44\" bgcolor=\"white\">\n<table style=\"width: 100%;\" border=\"0\" cellspacing=\"0\" cellpadding=\"0\">\n<tbody>\n<tr>\n<td><strong>82<\/strong><\/td>\n<\/tr>\n<\/tbody>\n<\/table>\n<\/td>\n<\/tr>\n<\/tbody>\n<\/table>\n<p>VALTER AZEVEDO PEREIRA\u00a0 (Titular)<\/p>\n<p>JERONIMO FARIAS DE ALENCAR (Suplente)<\/p>\n<table border=\"0\" cellspacing=\"0\" cellpadding=\"0\">\n<tbody>\n<tr>\n<td width=\"63\" height=\"45\" bgcolor=\"white\">\n<table style=\"width: 100%;\" border=\"0\" cellspacing=\"0\" cellpadding=\"0\">\n<tbody>\n<tr>\n<td><strong>75<\/strong><\/td>\n<\/tr>\n<\/tbody>\n<\/table>\n<\/td>\n<\/tr>\n<\/tbody>\n<\/table>\n<p>FRANCILEIDE DE ARA\u00daJO RODRIGUES (Titular)<\/p>\n<p>HELEN RAMALHO DE FARIAS (Suplente)<\/p>\n<table border=\"0\" cellspacing=\"0\" cellpadding=\"0\">\n<tbody>\n<tr>\n<td width=\"63\" height=\"45\" bgcolor=\"white\">\n<table style=\"width: 100%;\" border=\"0\" cellspacing=\"0\" cellpadding=\"0\">\n<tbody>\n<tr>\n<td><strong>63<\/strong><\/td>\n<\/tr>\n<\/tbody>\n<\/table>\n<\/td>\n<\/tr>\n<\/tbody>\n<\/table>\n<p>RONALDO RODRIHUES SARMENTO\u00a0 (Titular)<\/p>\n<p>JORGE FERNANDO HERMIDA (Suplente)<\/p>\n<table border=\"0\" cellspacing=\"0\" cellpadding=\"0\">\n<tbody>\n<tr>\n<td width=\"63\" height=\"45\" bgcolor=\"white\">\n<table style=\"width: 100%;\" border=\"0\" cellspacing=\"0\" cellpadding=\"0\">\n<tbody>\n<tr>\n<td><strong>76<\/strong><\/td>\n<\/tr>\n<\/tbody>\n<\/table>\n<\/td>\n<\/tr>\n<\/tbody>\n<\/table>\n<p>HELEOD\u00d3RIO HONORATO DOS SANTOS (Titular)<\/p>\n<p>LU\u00cdS CARLOS CARVALHO (Suplente)<\/p>\n<table border=\"0\" cellspacing=\"0\" cellpadding=\"0\">\n<tbody>\n<tr>\n<td width=\"63\" height=\"45\" bgcolor=\"white\">\n<table style=\"width: 100%;\" border=\"0\" cellspacing=\"0\" cellpadding=\"0\">\n<tbody>\n<tr>\n<td><strong>63<\/strong><\/td>\n<\/tr>\n<\/tbody>\n<\/table>\n<\/td>\n<\/tr>\n<\/tbody>\n<\/table>\n<p>B\u00c1RBARA VIVIANA DE OLIVEIRA SANTOS (Titular)<\/p>\n<p>IVANILDA LACERDA PEDROSA (Suplente)<\/p>\n<table border=\"0\" cellspacing=\"0\" cellpadding=\"0\">\n<tbody>\n<tr>\n<td width=\"63\" height=\"45\" bgcolor=\"white\">\n<table style=\"width: 100%;\" border=\"0\" cellspacing=\"0\" cellpadding=\"0\">\n<tbody>\n<tr>\n<td><strong>69<\/strong><\/td>\n<\/tr>\n<\/tbody>\n<\/table>\n<\/td>\n<\/tr>\n<\/tbody>\n<\/table>\n<p>MARIA APARECIDA BEZERRA QUIRINO (Titular)<\/p>\n<p>IDEBALDO GRISI (Suplente)<\/p>\n<table border=\"0\" cellspacing=\"0\" cellpadding=\"0\">\n<tbody>\n<tr>\n<td width=\"63\" height=\"45\" bgcolor=\"white\">\n<table style=\"width: 100%;\" border=\"0\" cellspacing=\"0\" cellpadding=\"0\">\n<tbody>\n<tr>\n<td><strong>63<\/strong><\/td>\n<\/tr>\n<\/tbody>\n<\/table>\n<\/td>\n<\/tr>\n<\/tbody>\n<\/table>\n<p>SANDRA BARBOSA DA COSTA (Titular)<\/p>\n<p>EUG\u00caNIO PACELLI DO NASCIMENTO (Suplente)<\/p>\n<table border=\"0\" cellspacing=\"0\" cellpadding=\"0\">\n<tbody>\n<tr>\n<td width=\"63\" height=\"45\" bgcolor=\"white\">\n<table style=\"width: 100%;\" border=\"0\" cellspacing=\"0\" cellpadding=\"0\">\n<tbody>\n<tr>\n<td><strong>75<\/strong><\/td>\n<\/tr>\n<\/tbody>\n<\/table>\n<\/td>\n<\/tr>\n<\/tbody>\n<\/table>\n<p>MARTA MARIA DINIZ CORDEIRO (Titular)<\/p>\n<p>JOS\u00c9 ADOLFO CARNIATO (Suplente)<\/p>\n<table border=\"0\" cellspacing=\"0\" cellpadding=\"0\">\n<tbody>\n<tr>\n<td width=\"63\" height=\"45\" bgcolor=\"white\">\n<table style=\"width: 100%;\" border=\"0\" cellspacing=\"0\" cellpadding=\"0\">\n<tbody>\n<tr>\n<td><strong>65<\/strong><\/td>\n<\/tr>\n<\/tbody>\n<\/table>\n<\/td>\n<\/tr>\n<\/tbody>\n<\/table>\n<p>ROBSON DA FONSECA NEVES (Titular)<\/p>\n<p>GERALDO EDUARDO GUEDES DE BRITO (Suplente)<\/p>\n<p><strong><span style=\"text-decoration: underline;\"> <\/span><\/strong><\/p>\n<p><strong><span style=\"text-decoration: underline;\">CENTRO DE CI\u00caNCIAS HUMANAS, LETRAS E ARTES \u2013 CCHLA<\/span><\/strong><\/p>\n<table border=\"0\" cellspacing=\"0\" cellpadding=\"0\">\n<tbody>\n<tr>\n<td width=\"63\" height=\"45\" bgcolor=\"white\">\n<table style=\"width: 100%;\" border=\"0\" cellspacing=\"0\" cellpadding=\"0\">\n<tbody>\n<tr>\n<td><strong>61<\/strong><\/td>\n<\/tr>\n<\/tbody>\n<\/table>\n<\/td>\n<\/tr>\n<\/tbody>\n<\/table>\n<p>GL\u00d3RIA DE MARIA M. L. OBERMARK\u00a0 (Titular)<\/p>\n<p>PAULO C\u00c9ZAR DOS SANTOS CARDOSO (Suplente)<\/p>\n<table border=\"0\" cellspacing=\"0\" cellpadding=\"0\">\n<tbody>\n<tr>\n<td width=\"63\" height=\"44\" bgcolor=\"white\">\n<table style=\"width: 100%;\" border=\"0\" cellspacing=\"0\" cellpadding=\"0\">\n<tbody>\n<tr>\n<td><strong>63<\/strong><\/td>\n<\/tr>\n<\/tbody>\n<\/table>\n<\/td>\n<\/tr>\n<\/tbody>\n<\/table>\n<p>DINARTE VARELA BEZERRA (Titular)<\/p>\n<p>LAERTE PEREIRA DA SILVA (Suplente)<\/p>\n<table border=\"0\" cellspacing=\"0\" cellpadding=\"0\">\n<tbody>\n<tr>\n<td width=\"63\" height=\"45\" bgcolor=\"white\">\n<table style=\"width: 100%;\" border=\"0\" cellspacing=\"0\" cellpadding=\"0\">\n<tbody>\n<tr>\n<td><strong>44<\/strong><\/td>\n<\/tr>\n<\/tbody>\n<\/table>\n<\/td>\n<\/tr>\n<\/tbody>\n<\/table>\n<p>MARIA TEREZA DA COSTA B.ALMEIDA (Titular)<\/p>\n<p>MARIA JANDIRA RAMOS (Suplente)<\/p>\n<table border=\"0\" cellspacing=\"0\" cellpadding=\"0\">\n<tbody>\n<tr>\n<td width=\"63\" height=\"44\" bgcolor=\"white\">\n<table style=\"width: 100%;\" border=\"0\" cellspacing=\"0\" cellpadding=\"0\">\n<tbody>\n<tr>\n<td><strong>55<\/strong><\/td>\n<\/tr>\n<\/tbody>\n<\/table>\n<\/td>\n<\/tr>\n<\/tbody>\n<\/table>\n<p>ANDERSON D\u2019ARC FERREIRA (Titular)<\/p>\n<p>SAINT-CLAIR FERNANDES AVELAR (Suplente)<\/p>\n<table border=\"0\" cellspacing=\"0\" cellpadding=\"0\">\n<tbody>\n<tr>\n<td width=\"63\" height=\"44\" bgcolor=\"white\">\n<table style=\"width: 100%;\" border=\"0\" cellspacing=\"0\" cellpadding=\"0\">\n<tbody>\n<tr>\n<td><strong>57<\/strong><\/td>\n<\/tr>\n<\/tbody>\n<\/table>\n<\/td>\n<\/tr>\n<\/tbody>\n<\/table>\n<p>CARLOS JOS\u00c9 CARTAXO (Titular)<\/p>\n<p>CL\u00c9A LOPES ARANHA DE MAC\u00caDO (Suplente)<\/p>\n<table border=\"0\" cellspacing=\"0\" cellpadding=\"0\">\n<tbody>\n<tr>\n<td width=\"63\" height=\"44\" bgcolor=\"white\">\n<table style=\"width: 100%;\" border=\"0\" cellspacing=\"0\" cellpadding=\"0\">\n<tbody>\n<tr>\n<td><strong>47<\/strong><\/td>\n<\/tr>\n<\/tbody>\n<\/table>\n<\/td>\n<\/tr>\n<\/tbody>\n<\/table>\n<p>GL\u00c1UCIO XAVIER DA FONSECA (Titular)<\/p>\n<table border=\"0\" cellspacing=\"0\" cellpadding=\"0\">\n<tbody>\n<tr>\n<td width=\"63\" height=\"45\" bgcolor=\"white\">\n<table style=\"width: 100%;\" border=\"0\" cellspacing=\"0\" cellpadding=\"0\">\n<tbody>\n<tr>\n<td><strong>62<\/strong><\/td>\n<\/tr>\n<\/tbody>\n<\/table>\n<\/td>\n<\/tr>\n<\/tbody>\n<\/table>\n<p>MARIZA DE OLIVEIRA PINHEIRO (Titular)<\/p>\n<table border=\"0\" cellspacing=\"0\" cellpadding=\"0\">\n<tbody>\n<tr>\n<td width=\"63\" height=\"44\" bgcolor=\"white\">\n<table style=\"width: 100%;\" border=\"0\" cellspacing=\"0\" cellpadding=\"0\">\n<tbody>\n<tr>\n<td><strong>52<\/strong><\/td>\n<\/tr>\n<\/tbody>\n<\/table>\n<\/td>\n<\/tr>\n<\/tbody>\n<\/table>\n<p>ARTURO GOUVEIA DE ARA\u00daJO (Titular)<\/p>\n<p><strong><span style=\"text-decoration: underline;\"> <\/span><\/strong><\/p>\n<p><strong><em><span style=\"text-decoration: underline;\"><br \/>\n<\/span><\/em><\/strong><\/p>\n<p><strong><em><span style=\"text-decoration: underline;\"> <\/span><\/em><\/strong><\/p>\n<p><strong><span style=\"text-decoration: underline;\"> <\/span><\/strong><\/p>\n<p><strong><span style=\"text-decoration: underline;\"> <\/span><\/strong><\/p>\n<p><strong><span style=\"text-decoration: underline;\"> <\/span><\/strong><\/p>\n<p align=\"center\"><strong><span style=\"text-decoration: underline;\">CENTRO DE EDUCA\u00c7\u00c3O \u2013 CE<\/span><\/strong><\/p>\n<p align=\"center\"><strong><span style=\"text-decoration: underline;\"> <\/span><\/strong><\/p>\n<table border=\"0\" cellspacing=\"0\" cellpadding=\"0\">\n<tbody>\n<tr>\n<td width=\"63\" height=\"45\" bgcolor=\"white\">\n<table style=\"width: 100%;\" border=\"0\" cellspacing=\"0\" cellpadding=\"0\">\n<tbody>\n<tr>\n<td><strong>65<\/strong><\/td>\n<\/tr>\n<\/tbody>\n<\/table>\n<\/td>\n<\/tr>\n<\/tbody>\n<\/table>\n<p>JORGE CHAVES CORDEIRO (Titular)<\/p>\n<p>MARIA DAS GRA\u00c7AS A. BAPTISTA (Suplente)<\/p>\n<table border=\"0\" cellspacing=\"0\" cellpadding=\"0\">\n<tbody>\n<tr>\n<td width=\"63\" height=\"45\" bgcolor=\"white\">\n<table style=\"width: 100%;\" border=\"0\" cellspacing=\"0\" cellpadding=\"0\">\n<tbody>\n<tr>\n<td><strong>47<\/strong><\/td>\n<\/tr>\n<\/tbody>\n<\/table>\n<\/td>\n<\/tr>\n<\/tbody>\n<\/table>\n<p>MARIA ELISABETH GUALBERTO DUARTE\u00a0 \u00a0(Titular)<\/p>\n<p>VERA L\u00daCIA A. DE LUCENA (Suplente)<\/p>\n<table border=\"0\" cellspacing=\"0\" cellpadding=\"0\">\n<tbody>\n<tr>\n<td width=\"63\" height=\"45\" bgcolor=\"white\">\n<table style=\"width: 100%;\" border=\"0\" cellspacing=\"0\" cellpadding=\"0\">\n<tbody>\n<tr>\n<td><strong>55<\/strong><\/td>\n<\/tr>\n<\/tbody>\n<\/table>\n<\/td>\n<\/tr>\n<\/tbody>\n<\/table>\n<p>JOS\u00c9 DE ARIMAT\u00c9AFONTES\u00a0 (Titular)<\/p>\n<p>SIMONI CASTRO PONTES (Suplente)<\/p>\n<table border=\"0\" cellspacing=\"0\" cellpadding=\"0\">\n<tbody>\n<tr>\n<td width=\"63\" height=\"45\" bgcolor=\"white\">\n<table style=\"width: 100%;\" border=\"0\" cellspacing=\"0\" cellpadding=\"0\">\n<tbody>\n<tr>\n<td><strong>55<\/strong><\/td>\n<\/tr>\n<\/tbody>\n<\/table>\n<\/td>\n<\/tr>\n<\/tbody>\n<\/table>\n<p>AUTA DE SOUSA COSTA \u00a0(Titular)<\/p>\n<p>T\u00c2NIA LEITE PEREIRA COUTINHO (Suplente)<\/p>\n<table border=\"0\" cellspacing=\"0\" cellpadding=\"0\">\n<tbody>\n<tr>\n<td width=\"63\" height=\"45\" bgcolor=\"white\">\n<table style=\"width: 100%;\" border=\"0\" cellspacing=\"0\" cellpadding=\"0\">\n<tbody>\n<tr>\n<td><strong>72<\/strong><\/td>\n<\/tr>\n<\/tbody>\n<\/table>\n<\/td>\n<\/tr>\n<\/tbody>\n<\/table>\n<p>GALDINO TOSCANO DE BRITO FILHO \u00a0(Titular)<\/p>\n<p>T\u00c2NIA RODRIGUES PALHANO (Suplente)<\/p>\n<table border=\"0\" cellspacing=\"0\" cellpadding=\"0\">\n<tbody>\n<tr>\n<td width=\"63\" height=\"45\" bgcolor=\"white\">\n<table style=\"width: 100%;\" border=\"0\" cellspacing=\"0\" cellpadding=\"0\">\n<tbody>\n<tr>\n<td><strong>57<\/strong><\/td>\n<\/tr>\n<\/tbody>\n<\/table>\n<\/td>\n<\/tr>\n<\/tbody>\n<\/table>\n<p>M\u00d4NICA DIAS PALITOT \u00a0(Titular)<\/p>\n<p>MARIA BERNADETE SILVEIRA DE ANDRADE (Suplente)<\/p>\n<p><strong><span style=\"text-decoration: underline;\"> <\/span><\/strong><\/p>\n<p><strong><span style=\"text-decoration: underline;\"><br \/>\n<\/span><\/strong><\/p>\n<p><strong><span style=\"text-decoration: underline;\"> <\/span><\/strong><\/p>\n<p><strong><span style=\"text-decoration: underline;\"> <\/span><\/strong><\/p>\n<p><strong><span style=\"text-decoration: underline;\"> <\/span><\/strong><\/p>\n<p><strong><span style=\"text-decoration: underline;\"> <\/span><\/strong><\/p>\n<p align=\"center\"><strong><span style=\"text-decoration: underline;\">CENTRO DE CI\u00caNCIAS APLICADAS E EDUCA\u00c7\u00c3O \u2013 CCAE<\/span><\/strong><\/p>\n<table border=\"0\" cellspacing=\"0\" cellpadding=\"0\">\n<tbody>\n<tr>\n<td width=\"63\" height=\"45\" bgcolor=\"white\">\n<table style=\"width: 100%;\" border=\"0\" cellspacing=\"0\" cellpadding=\"0\">\n<tbody>\n<tr>\n<td><strong>19<\/strong><\/td>\n<\/tr>\n<\/tbody>\n<\/table>\n<\/td>\n<\/tr>\n<\/tbody>\n<\/table>\n<p>MARCO AUR\u00c9LIO PAZ TELLA\u00a0 (Titular)<\/p>\n<p>ALBERTO SANTOS ARRUDA (Suplente)<\/p>\n<p><strong><span style=\"text-decoration: underline;\">CENTRO DE CI\u00caNCIAS AGR\u00c1RIAS \u2013 CCA<\/span><\/strong><\/p>\n<p><strong><span style=\"text-decoration: underline;\"> <\/span><\/strong><\/p>\n<p><strong><span style=\"text-decoration: underline;\"> <\/span><\/strong><\/p>\n<table border=\"0\" cellspacing=\"0\" cellpadding=\"0\">\n<tbody>\n<tr>\n<td width=\"63\" height=\"45\" bgcolor=\"white\">\n<table style=\"width: 100%;\" border=\"0\" cellspacing=\"0\" cellpadding=\"0\">\n<tbody>\n<tr>\n<td><strong>31<\/strong><\/td>\n<\/tr>\n<\/tbody>\n<\/table>\n<\/td>\n<\/tr>\n<\/tbody>\n<\/table>\n<p>GUTTEMBERG DA SILVA SILVINO (Titular)<\/p>\n<p>MAUR\u00cdCIO JAVIER DE LE\u00d3N (Suplente)<\/p>\n<table border=\"0\" cellspacing=\"0\" cellpadding=\"0\">\n<tbody>\n<tr>\n<td width=\"63\" height=\"45\" bgcolor=\"white\">\n<table style=\"width: 100%;\" border=\"0\" cellspacing=\"0\" cellpadding=\"0\">\n<tbody>\n<tr>\n<td><strong>29<\/strong><\/td>\n<\/tr>\n<\/tbody>\n<\/table>\n<\/td>\n<\/tr>\n<\/tbody>\n<\/table>\n<p>JOAQUIM REGIS MALHEIROS FILHO (Titular)<\/p>\n<p>ANITA LEOC\u00c1DIA P. DOS SANTOS (Suplente)<\/p>\n<p><strong><span style=\"text-decoration: underline;\"> <\/span><\/strong><\/p>\n<p align=\"center\"><strong><span style=\"text-decoration: underline;\">CENTRO DE CI\u00caNCIAS HUMANAS, SOCIAIS E AGR\u00c1RIAS \u2013 CCHSA<\/span><\/strong><\/p>\n<p align=\"center\"><strong><span style=\"text-decoration: underline;\"> <\/span><\/strong><\/p>\n<table border=\"0\" cellspacing=\"0\" cellpadding=\"0\">\n<tbody>\n<tr>\n<td width=\"63\" height=\"45\" bgcolor=\"white\">\n<table style=\"width: 100%;\" border=\"0\" cellspacing=\"0\" cellpadding=\"0\">\n<tbody>\n<tr>\n<td><strong>53<\/strong><\/td>\n<\/tr>\n<\/tbody>\n<\/table>\n<\/td>\n<\/tr>\n<\/tbody>\n<\/table>\n<p>LU\u00cdS FELIPE DE ARA\u00daJO (Titular)<\/p>\n<p>EDUARDO JORGE LOPES DA SILVA (Suplente)<\/p>\n<table border=\"0\" cellspacing=\"0\" cellpadding=\"0\">\n<tbody>\n<tr>\n<td width=\"63\" height=\"45\" bgcolor=\"white\">\n<table style=\"width: 100%;\" border=\"0\" cellspacing=\"0\" cellpadding=\"0\">\n<tbody>\n<tr>\n<td><strong>54<\/strong><\/td>\n<\/tr>\n<\/tbody>\n<\/table>\n<\/td>\n<\/tr>\n<\/tbody>\n<\/table>\n<p>ANDERSON FERREIRA VILELA (Titular)<\/p>\n<p>JOS\u00c9 EDILSON ALVES DE ARA\u00daJO (Suplente)<\/p>\n<table border=\"0\" cellspacing=\"0\" cellpadding=\"0\">\n<tbody>\n<tr>\n<td width=\"63\" height=\"45\" bgcolor=\"white\">\n<table style=\"width: 100%;\" border=\"0\" cellspacing=\"0\" cellpadding=\"0\">\n<tbody>\n<tr>\n<td><strong>50<\/strong><\/td>\n<\/tr>\n<\/tbody>\n<\/table>\n<\/td>\n<\/tr>\n<\/tbody>\n<\/table>\n<p>JOAQUIM MENDES FERNANDES (Titular)<\/p>\n<p>JO\u00c3O MARIA P. DO NASCIMENTO (Suplente)<\/p>\n","protected":false},"excerpt":{"rendered":"<p>APURA\u00c7\u00c3O ELEI\u00c7\u00d5ES CONSELHO DE REPRESENTANTES GEST\u00c3O 2011\/2013 CENTRO DE CI\u00caNCIAS EXATAS E DA NATUREZA \u2013 CCEN 39 FELINTO DE SOUSA NETO (Titular) SEVERINO FRANCISCO DE OLIVEIRA (Suplente) 50 JOS\u00c9 DE QUEIROZ CALU\u00caTE (Titular) IVONEIDE DANTAS BARBOSA (Suplente) CENTRO DE CI\u00caNCIAS JUR\u00cdDICAS \u2013 CCJ 10 MARCOS C\u00c9LIO DO NASCIMENTO (Titular) MELISSA GUSM\u00c3O RAMOS\u00a0 (Suplente) CENTRO DE&hellip;<\/p>\n","protected":false},"author":3,"featured_media":0,"comment_status":"open","ping_status":"open","sticky":false,"template":"","format":"standard","meta":{"footnotes":""},"categories":[15],"tags":[188],"class_list":["post-1712","post","type-post","status-publish","format-standard","hentry","category-noticias","tag-eleicoes-2011","category-15","description-off"],"_links":{"self":[{"href":"https:\/\/www.adufpb.org.br\/site\/wp-json\/wp\/v2\/posts\/1712","targetHints":{"allow":["GET"]}}],"collection":[{"href":"https:\/\/www.adufpb.org.br\/site\/wp-json\/wp\/v2\/posts"}],"about":[{"href":"https:\/\/www.adufpb.org.br\/site\/wp-json\/wp\/v2\/types\/post"}],"author":[{"embeddable":true,"href":"https:\/\/www.adufpb.org.br\/site\/wp-json\/wp\/v2\/users\/3"}],"replies":[{"embeddable":true,"href":"https:\/\/www.adufpb.org.br\/site\/wp-json\/wp\/v2\/comments?post=1712"}],"version-history":[{"count":3,"href":"https:\/\/www.adufpb.org.br\/site\/wp-json\/wp\/v2\/posts\/1712\/revisions"}],"predecessor-version":[{"id":1717,"href":"https:\/\/www.adufpb.org.br\/site\/wp-json\/wp\/v2\/posts\/1712\/revisions\/1717"}],"wp:attachment":[{"href":"https:\/\/www.adufpb.org.br\/site\/wp-json\/wp\/v2\/media?parent=1712"}],"wp:term":[{"taxonomy":"category","embeddable":true,"href":"https:\/\/www.adufpb.org.br\/site\/wp-json\/wp\/v2\/categories?post=1712"},{"taxonomy":"post_tag","embeddable":true,"href":"https:\/\/www.adufpb.org.br\/site\/wp-json\/wp\/v2\/tags?post=1712"}],"curies":[{"name":"wp","href":"https:\/\/api.w.org\/{rel}","templated":true}]}}