{"id":17004,"date":"2017-09-01T08:30:01","date_gmt":"2017-09-01T11:30:01","guid":{"rendered":"http:\/\/www.adufpb.org.br\/site\/?p=17004"},"modified":"2017-09-08T15:29:33","modified_gmt":"2017-09-08T18:29:33","slug":"professores-fazem-assembleia-dias-5-e-6-de-setembro","status":"publish","type":"post","link":"https:\/\/www.adufpb.org.br\/site\/professores-fazem-assembleia-dias-5-e-6-de-setembro\/","title":{"rendered":"Professores fazem assembleia dias 5 e 6 de setembro"},"content":{"rendered":"<p dir=\"ltr\">A proposta de paralisa\u00e7\u00e3o nacional no pr\u00f3ximo dia 14 em defesa dos direitos, da Previd\u00eancia e dos servi\u00e7os p\u00fablicos ser\u00e1 um dos temas discutidos na pr\u00f3xima rodada de assembleias dos professores da UFPB, programada para os dias 5 e 6 de setembro (ter\u00e7a e quarta-feira da pr\u00f3xima semana).<\/p>\n<p>Tamb\u00e9m est\u00e3o inclu\u00eddos na pauta do debate repasses sobre os informes jur\u00eddicos da ADUFPB e o Congresso da CSP-Conlutas. Para prestar informa\u00e7\u00f5es sobre os processos em andamento, participar\u00e1 da assembleia o assessor jur\u00eddico da se\u00e7\u00e3o sindical, Paulo Guedes.<\/p>\n<p>No dia 5\/9 (ter\u00e7a-feira), a atividade ser\u00e1 realizada nas subsecretarias da ADUFPB nos campi de Bananeiras (pela manh\u00e3) e Areia (\u00e0 tarde). E no dia 6\/9 (quarta-feira), ser\u00e1 a vez dos professores de Jo\u00e3o Pessoa e do Litoral Norte participarem da assembleia. Na capital, os debates devem come\u00e7ar \u00e0s 9h30, no Centro de Viv\u00eancia. J\u00e1 no Litoral Norte, a atividade ser\u00e1 \u00e0 tarde, na subsecretaria, localizada na cidade de Mamanguape.<\/p>\n<p><span style=\"text-decoration: underline;\"><strong>AGENDE-SE<\/strong><\/span><\/p>\n<p dir=\"ltr\"><strong>Assembleia docente<\/strong><\/p>\n<p><em><strong>Dia 5\/9 (ter\u00e7a-feira)<\/strong><\/em><br \/>\n&#8211; Subsecretaria do campus de Bananeiras &#8211; Manh\u00e3<br \/>\n&#8211; Subsecretaria do campus de Areia &#8211; Tarde<\/p>\n<p><em><strong>Dia 6\/9 (quarta-feira)<\/strong><\/em><br \/>\n&#8211; Campus Jo\u00e3o Pessoa &#8211; 9h30, no Centro de Viv\u00eancia<br \/>\n&#8211; Campus Litoral Norte &#8211; Tarde, na subsecretaria de Mamanguape<\/p>\n<p dir=\"ltr\"><strong>Pauta<\/strong><br \/>\n1. Informes<br \/>\n2. Paralisa\u00e7\u00e3o do dia 14\/09 \u2013 Dia Nacional de Defesa dos Direitos, da Previd\u00eancia e dos Servi\u00e7os P\u00fablicos<br \/>\n3. Repasse dos informes jur\u00eddicos<br \/>\n4. Congresso CSP-Conlutas<br \/>\n5. Encaminhamentos<\/p>\n<p><em>Fonte: Ascom ADUFPB<\/em><\/p>\n","protected":false},"excerpt":{"rendered":"<p>A proposta de paralisa\u00e7\u00e3o nacional no pr\u00f3ximo dia 14 em defesa dos direitos, da Previd\u00eancia e dos servi\u00e7os p\u00fablicos ser\u00e1 um dos temas discutidos na pr\u00f3xima rodada de assembleias dos professores da UFPB, programada para os dias 5 e 6 de setembro (ter\u00e7a e quarta-feira da pr\u00f3xima semana). Tamb\u00e9m est\u00e3o inclu\u00eddos na pauta do debate&hellip;<\/p>\n","protected":false},"author":3,"featured_media":17010,"comment_status":"closed","ping_status":"closed","sticky":false,"template":"","format":"standard","meta":{"footnotes":""},"categories":[15],"tags":[816,467,223,199],"class_list":["post-17004","post","type-post","status-publish","format-standard","has-post-thumbnail","hentry","category-noticias","tag-assembleia","tag-assuntos-juridicos","tag-paralisacao","tag-previdencia","category-15","description-off"],"_links":{"self":[{"href":"https:\/\/www.adufpb.org.br\/site\/wp-json\/wp\/v2\/posts\/17004","targetHints":{"allow":["GET"]}}],"collection":[{"href":"https:\/\/www.adufpb.org.br\/site\/wp-json\/wp\/v2\/posts"}],"about":[{"href":"https:\/\/www.adufpb.org.br\/site\/wp-json\/wp\/v2\/types\/post"}],"author":[{"embeddable":true,"href":"https:\/\/www.adufpb.org.br\/site\/wp-json\/wp\/v2\/users\/3"}],"replies":[{"embeddable":true,"href":"https:\/\/www.adufpb.org.br\/site\/wp-json\/wp\/v2\/comments?post=17004"}],"version-history":[{"count":5,"href":"https:\/\/www.adufpb.org.br\/site\/wp-json\/wp\/v2\/posts\/17004\/revisions"}],"predecessor-version":[{"id":17012,"href":"https:\/\/www.adufpb.org.br\/site\/wp-json\/wp\/v2\/posts\/17004\/revisions\/17012"}],"wp:featuredmedia":[{"embeddable":true,"href":"https:\/\/www.adufpb.org.br\/site\/wp-json\/wp\/v2\/media\/17010"}],"wp:attachment":[{"href":"https:\/\/www.adufpb.org.br\/site\/wp-json\/wp\/v2\/media?parent=17004"}],"wp:term":[{"taxonomy":"category","embeddable":true,"href":"https:\/\/www.adufpb.org.br\/site\/wp-json\/wp\/v2\/categories?post=17004"},{"taxonomy":"post_tag","embeddable":true,"href":"https:\/\/www.adufpb.org.br\/site\/wp-json\/wp\/v2\/tags?post=17004"}],"curies":[{"name":"wp","href":"https:\/\/api.w.org\/{rel}","templated":true}]}}