{"id":16912,"date":"2017-08-14T11:21:56","date_gmt":"2017-08-14T14:21:56","guid":{"rendered":"http:\/\/www.adufpb.org.br\/site\/?p=16912"},"modified":"2017-08-14T11:21:56","modified_gmt":"2017-08-14T14:21:56","slug":"governo-quer-limitar-salario-inicial-de-servidor-e-adiar-reajuste-para-2019","status":"publish","type":"post","link":"https:\/\/www.adufpb.org.br\/site\/governo-quer-limitar-salario-inicial-de-servidor-e-adiar-reajuste-para-2019\/","title":{"rendered":"Governo quer limitar sal\u00e1rio inicial de servidor e adiar reajuste para 2019"},"content":{"rendered":"<p>Limite para sal\u00e1rio inicial de servidor p\u00fablico em R$ 5 mil, adiamento do reajuste do funcionalismo, de 2018 para 2019, aumento da contribui\u00e7\u00e3o previdenci\u00e1ria dos funcion\u00e1rios p\u00fablicos, de 11% para 14%, e extin\u00e7\u00e3o do aux\u00edlio reclus\u00e3o, concedido atualmente a fam\u00edlias de presos. Essas s\u00e3o algumas das medidas impopulares que o governo pretende anunciar nos pr\u00f3ximos dias para reduzir as despesas p\u00fablicas.<\/p>\n<div>\n<div id=\"_dynad_c_I5550001923_15027197903571293467881\"><img decoding=\"async\" alt=\"\" src=\"https:\/\/t.dynad.net\/pc\/?dc=5550003220;ord=1502719797865\" \/><br \/>\n<img decoding=\"async\" alt=\"\" src=\"https:\/\/t.dynad.net\/pc\/?dc=5550001579;ord=1502720257133\" \/><\/div>\n<\/div>\n<p>Ainda assim, a equipe econ\u00f4mica estuda elevar a meta fiscal de 2018 \u2013 de R$ 129 bilh\u00f5es para at\u00e9 R$ 149 bilh\u00f5es em d\u00e9ficit prim\u00e1rio. Para 2017, o rombo pode chegar a R$ 159 bilh\u00f5es. As informa\u00e7\u00f5es s\u00e3o do jornal\u00a0<em>O Globo<\/em>.<\/p>\n<p>O an\u00fancio da revis\u00e3o das metas fiscais de 2017 e 2018, previsto para a \u00faltima quinta-feira (10), s\u00f3 dever\u00e1 ser feito nesta segunda-feira (14) por causa da dificuldade da equipe econ\u00f4mica em fechar os n\u00fameros da arrecada\u00e7\u00e3o. O ministro da Fazenda, Henrique Meirelles, defende a eleva\u00e7\u00e3o de alguns tributos, mas os presidentes da C\u00e2mara, Rodrigo Maia (DEM-RJ), e do Senado, Eun\u00edcio Oliveira (PMDB-CE), j\u00e1 avisaram que o Congresso resiste a aprovar esse tipo de medida.<\/p>\n<p>Temer recuou nesta semana da proposta de elevar a al\u00edquota do Imposto de Renda de contribuintes que recebem mais de R$ 20 mil por m\u00eas. Houve rea\u00e7\u00e3o do empresariado e de parlamentares.<\/p>\n<p>Meirelles prefere cortar despesas e elevar impostos a rever a meta fiscal, com temor da rea\u00e7\u00e3o negativa do mercado. \u201cOu aumenta mais imposto ou toma mais recursos emprestados da sociedade, aumentando a d\u00edvida p\u00fablica e os juros\u201d, disse ontem o ministro da Fazenda.<\/p>\n<p>Segundo\u00a0<em>O Globo<\/em>, o governo tamb\u00e9m admite deixar a medida provis\u00f3ria do novo Refis, programa de renegocia\u00e7\u00e3o de d\u00edvidas tribut\u00e1rias, perder a validade e enviar um projeto de lei para tratar do assunto. \u00c9 que a vers\u00e3o original da MP foi desfigurada pelo relator, Newton Cardoso (PMDB-MG), que aliviou drasticamente a situa\u00e7\u00e3o dos devedores, o que reduz em muito a arrecada\u00e7\u00e3o prevista pela equipe econ\u00f4mica, que \u00e9 de R$ 13,3 bilh\u00f5es este ano.<\/p>\n<p><em>Fonte: Congresso em Foco<\/em><\/p>\n","protected":false},"excerpt":{"rendered":"<p>Limite para sal\u00e1rio inicial de servidor p\u00fablico em R$ 5 mil, adiamento do reajuste do funcionalismo, de 2018 para 2019, aumento da contribui\u00e7\u00e3o previdenci\u00e1ria dos funcion\u00e1rios p\u00fablicos, de 11% para 14%, e extin\u00e7\u00e3o do aux\u00edlio reclus\u00e3o, concedido atualmente a fam\u00edlias de presos. Essas s\u00e3o algumas das medidas impopulares que o governo pretende anunciar nos pr\u00f3ximos&hellip;<\/p>\n","protected":false},"author":3,"featured_media":0,"comment_status":"closed","ping_status":"closed","sticky":false,"template":"","format":"standard","meta":{"footnotes":""},"categories":[15],"tags":[150,156,1009],"class_list":["post-16912","post","type-post","status-publish","format-standard","hentry","category-noticias","tag-reajuste","tag-salario","tag-servidor","category-15","description-off"],"_links":{"self":[{"href":"https:\/\/www.adufpb.org.br\/site\/wp-json\/wp\/v2\/posts\/16912","targetHints":{"allow":["GET"]}}],"collection":[{"href":"https:\/\/www.adufpb.org.br\/site\/wp-json\/wp\/v2\/posts"}],"about":[{"href":"https:\/\/www.adufpb.org.br\/site\/wp-json\/wp\/v2\/types\/post"}],"author":[{"embeddable":true,"href":"https:\/\/www.adufpb.org.br\/site\/wp-json\/wp\/v2\/users\/3"}],"replies":[{"embeddable":true,"href":"https:\/\/www.adufpb.org.br\/site\/wp-json\/wp\/v2\/comments?post=16912"}],"version-history":[{"count":1,"href":"https:\/\/www.adufpb.org.br\/site\/wp-json\/wp\/v2\/posts\/16912\/revisions"}],"predecessor-version":[{"id":16913,"href":"https:\/\/www.adufpb.org.br\/site\/wp-json\/wp\/v2\/posts\/16912\/revisions\/16913"}],"wp:attachment":[{"href":"https:\/\/www.adufpb.org.br\/site\/wp-json\/wp\/v2\/media?parent=16912"}],"wp:term":[{"taxonomy":"category","embeddable":true,"href":"https:\/\/www.adufpb.org.br\/site\/wp-json\/wp\/v2\/categories?post=16912"},{"taxonomy":"post_tag","embeddable":true,"href":"https:\/\/www.adufpb.org.br\/site\/wp-json\/wp\/v2\/tags?post=16912"}],"curies":[{"name":"wp","href":"https:\/\/api.w.org\/{rel}","templated":true}]}}