{"id":16872,"date":"2017-08-07T11:26:24","date_gmt":"2017-08-07T14:26:24","guid":{"rendered":"http:\/\/www.adufpb.org.br\/site\/?p=16872"},"modified":"2017-08-08T10:53:23","modified_gmt":"2017-08-08T13:53:23","slug":"ii-seminario-paraibano-de-direito-animal-sera-realizado-na-ufpb-dias-17-e-18-de-agosto","status":"publish","type":"post","link":"https:\/\/www.adufpb.org.br\/site\/ii-seminario-paraibano-de-direito-animal-sera-realizado-na-ufpb-dias-17-e-18-de-agosto\/","title":{"rendered":"II Semin\u00e1rio Paraibano de Direito Animal ser\u00e1 realizado na UFPB dias 17 e 18 de agosto"},"content":{"rendered":"<p dir=\"ltr\">Nos dias 17 e 18 de agosto, a UFPB vai sediar o II Semin\u00e1rio Paraibano de Direito Animal. O evento promover\u00e1 uma discuss\u00e3o interdisciplinar acerca dos animais, envolvendo \u00a0profissionais de v\u00e1rias \u00e1reas do conhecimento, a exemplo de psiquiatra, fil\u00f3sofo, psic\u00f3logos, professores do Curso de P\u00f3s-Gradua\u00e7\u00e3o em Ci\u00eancias das Religi\u00f5es da UFPB, zootecnistas, veterin\u00e1rios, bi\u00f3logos e juristas.<\/p>\n<p>Nesta segunda edi\u00e7\u00e3o, ser\u00e3o realizados dois dias de palestras e mesas-redondas com participa\u00e7\u00e3o de estudiosos renomados da causa animal. O evento ocorrer\u00e1 no audit\u00f3rio do Centro de Tecnologia, no campus I da UFPB e as inscri\u00e7\u00f5es custam R$ 10. Interessados em participar devem preencher o formul\u00e1rio de inscri\u00e7\u00e3o dispon\u00edvel no link <a href=\"https:\/\/goo.gl\/forms\/9WKCmKMGVNsd5G192\">https:\/\/goo.gl\/forms\/9WKCmKMGVNsd5G192<\/a>. A taxa dever\u00e1 ser paga no primeiro dia de Semin\u00e1rio, junto \u00e0 Comiss\u00e3o Organizadora, na entrada no audit\u00f3rio.<\/p>\n<p>O evento \u00e9 uma realiza\u00e7\u00e3o do N\u00facleo de Extens\u00e3o em \u00a0Justi\u00e7a Animal da UFPB (NEJA) em parceria com a Comiss\u00e3o de Direito e Bem-Estar Animal da UFPB, o Conselho Regional de Medicina Veterin\u00e1ria da Para\u00edba (CRMV-PB), a Comiss\u00e3o de Direito Animal da OAB\/PB e da Pol\u00edcia Civil por meio da Delegacia do Meio Ambiente. Mais informa\u00e7\u00f5es pelo e-mail nejaufpb@gmail.com.<\/p>\n<p>Confira abaixo os temas das mesas:<\/p>\n<p><strong>17\/8 &#8211; quinta-feira<\/strong><br \/>\n10h &#8211; Mesa 1 &#8211; As novas perspectiva do Direito Animal<\/p>\n<p>14h &#8211; Mesa 2 &#8211; O sacrif\u00edcio animal \u00e0 luz das compreens\u00f5es religiosas e do STF<\/p>\n<p>14h &#8211; Mesa 3 &#8211; Uma abordagem filos\u00f3fica-psicol\u00f3gica dos animais humanos e n\u00e3o humanos<\/p>\n<p><strong>18\/8 &#8211; sexta-feira<\/strong><br \/>\n8h30 &#8211; Mesa 4 &#8211; Os indiv\u00edduos e os animais: rela\u00e7\u00e3o de amor e \u00f3dio<\/p>\n<p>10h30 &#8211; Mesa 5 &#8211; Animais silvestres e discuss\u00e3o<\/p>\n<p>14h &#8211; Mesa 6 &#8211; Bio\u00e9tica e bem-star animal<\/p>\n<p>16h &#8211; Mesa 7 &#8211; Animal sob uma perspectiva humanit\u00e1ria<\/p>\n<p>&nbsp;<\/p>\n<p><a href=\"http:\/\/www.adufpb.org.br\/site\/wp-content\/uploads\/2017\/08\/2017.08-semin\u00e1rio-de-direito-animal-4.jpeg\"><img loading=\"lazy\" decoding=\"async\" class=\"aligncenter size-large wp-image-16880\" alt=\"2017.08 - semin\u00e1rio de direito animal 4\" src=\"http:\/\/www.adufpb.org.br\/site\/wp-content\/uploads\/2017\/08\/2017.08-semin\u00e1rio-de-direito-animal-4-731x1024.jpeg\" width=\"731\" height=\"1024\" srcset=\"https:\/\/www.adufpb.org.br\/site\/wp-content\/uploads\/2017\/08\/2017.08-semin\u00e1rio-de-direito-animal-4-731x1024.jpeg 731w, https:\/\/www.adufpb.org.br\/site\/wp-content\/uploads\/2017\/08\/2017.08-semin\u00e1rio-de-direito-animal-4-214x300.jpeg 214w, https:\/\/www.adufpb.org.br\/site\/wp-content\/uploads\/2017\/08\/2017.08-semin\u00e1rio-de-direito-animal-4.jpeg 914w\" sizes=\"auto, (max-width: 731px) 100vw, 731px\" \/><\/a><\/p>\n<p><em>Fonte: Ascom ADUFPB<\/em><\/p>\n","protected":false},"excerpt":{"rendered":"<p>Nos dias 17 e 18 de agosto, a UFPB vai sediar o II Semin\u00e1rio Paraibano de Direito Animal. O evento promover\u00e1 uma discuss\u00e3o interdisciplinar acerca dos animais, envolvendo \u00a0profissionais de v\u00e1rias \u00e1reas do conhecimento, a exemplo de psiquiatra, fil\u00f3sofo, psic\u00f3logos, professores do Curso de P\u00f3s-Gradua\u00e7\u00e3o em Ci\u00eancias das Religi\u00f5es da UFPB, zootecnistas, veterin\u00e1rios, bi\u00f3logos e&hellip;<\/p>\n","protected":false},"author":3,"featured_media":0,"comment_status":"closed","ping_status":"closed","sticky":false,"template":"","format":"standard","meta":{"footnotes":""},"categories":[15],"tags":[1007,40],"class_list":["post-16872","post","type-post","status-publish","format-standard","hentry","category-noticias","tag-direito-animal","tag-seminario","category-15","description-off"],"_links":{"self":[{"href":"https:\/\/www.adufpb.org.br\/site\/wp-json\/wp\/v2\/posts\/16872","targetHints":{"allow":["GET"]}}],"collection":[{"href":"https:\/\/www.adufpb.org.br\/site\/wp-json\/wp\/v2\/posts"}],"about":[{"href":"https:\/\/www.adufpb.org.br\/site\/wp-json\/wp\/v2\/types\/post"}],"author":[{"embeddable":true,"href":"https:\/\/www.adufpb.org.br\/site\/wp-json\/wp\/v2\/users\/3"}],"replies":[{"embeddable":true,"href":"https:\/\/www.adufpb.org.br\/site\/wp-json\/wp\/v2\/comments?post=16872"}],"version-history":[{"count":3,"href":"https:\/\/www.adufpb.org.br\/site\/wp-json\/wp\/v2\/posts\/16872\/revisions"}],"predecessor-version":[{"id":16881,"href":"https:\/\/www.adufpb.org.br\/site\/wp-json\/wp\/v2\/posts\/16872\/revisions\/16881"}],"wp:attachment":[{"href":"https:\/\/www.adufpb.org.br\/site\/wp-json\/wp\/v2\/media?parent=16872"}],"wp:term":[{"taxonomy":"category","embeddable":true,"href":"https:\/\/www.adufpb.org.br\/site\/wp-json\/wp\/v2\/categories?post=16872"},{"taxonomy":"post_tag","embeddable":true,"href":"https:\/\/www.adufpb.org.br\/site\/wp-json\/wp\/v2\/tags?post=16872"}],"curies":[{"name":"wp","href":"https:\/\/api.w.org\/{rel}","templated":true}]}}