{"id":16829,"date":"2017-07-28T12:25:06","date_gmt":"2017-07-28T15:25:06","guid":{"rendered":"http:\/\/www.adufpb.org.br\/site\/?p=16829"},"modified":"2017-07-28T12:50:03","modified_gmt":"2017-07-28T15:50:03","slug":"governo-publica-medida-provisoria-com-plano-de-demissao-voluntaria-para-servidores","status":"publish","type":"post","link":"https:\/\/www.adufpb.org.br\/site\/governo-publica-medida-provisoria-com-plano-de-demissao-voluntaria-para-servidores\/","title":{"rendered":"Governo publica medida provis\u00f3ria com plano de demiss\u00e3o volunt\u00e1ria para servidores"},"content":{"rendered":"<p>Uma medida que trata do Programa de Desligamento Volunt\u00e1rio (PDV) no \u00e2mbito do Poder Executivo Federal foi publicada no Di\u00e1rio Oficial da Uni\u00e3o (DOU) desta quinta-feira (27). A Medida Provis\u00f3ria (MP) n\u00ba 792\/17, assinada pelo presidente Michel Temer, tem como objetivo demitir 5 mil servidores p\u00fablicos federais e economizar, de acordo com c\u00e1lculos do governo, cerca de R$ 1 bilh\u00e3o por ano. O ajuste fiscal, iniciado no final de 2014, vem se intensificando nos \u00faltimos meses com o governo ileg\u00edtimo de Michel Temer.<\/p>\n<p>O PDV valer\u00e1 para servidores do Poder Executivo. Os trabalhadores que aceitarem o desligamento v\u00e3o receber 1,25 sal\u00e1rio para cada ano trabalhado. Por exemplo, um servidor que tenha remunera\u00e7\u00e3o de R$ 5 mil por m\u00eas, caso resolva aderir ao plano de demiss\u00e3o volunt\u00e1ria, vai receber mais R$ 6,2 mil por cada ano de servi\u00e7o prestado.<\/p>\n<p>O Programa tamb\u00e9m prev\u00ea a redu\u00e7\u00e3o da jornada de 8 horas di\u00e1rias e 40 semanais para 6 ou 4 horas di\u00e1rias e 30 ou 20 horas semanais, respectivamente, com redu\u00e7\u00e3o proporcional do sal\u00e1rio, calculada sobre o total da remunera\u00e7\u00e3o. Como incentivo \u00e0 diminui\u00e7\u00e3o da jornada e do sal\u00e1rio, o governo oferece o pagamento adicional correspondente a meia hora di\u00e1ria. Os funcion\u00e1rios p\u00fablicos que optarem por uma jornada reduzida poder\u00e3o ter outro emprego no setor privado, desde que n\u00e3o haja conflito de interesses entre as duas atividades.<\/p>\n<p>Outra proposta apresentada no PDV do governo \u00e9 a licen\u00e7a incentivada em pec\u00fania sem remunera\u00e7\u00e3o. Pela proposta, o servidor tira uma licen\u00e7a n\u00e3o remunerada de tr\u00eas anos, que pode ser prorrog\u00e1vel por igual per\u00edodo, e recebe, no momento da suspens\u00e3o das atividades, um valor correspondente a tr\u00eas vezes seu sal\u00e1rio. \u00c9 proibida a interrup\u00e7\u00e3o da licen\u00e7a.<\/p>\n<p>Eblin Farage, presidente do ANDES-SN, explica que o Programa de Demiss\u00e3o Volunt\u00e1ria faz parte um conjunto de medidas que visam o total desmonte dos servi\u00e7os p\u00fabicos no pa\u00eds \u2013 como exemplo, a Emenda Constitucional (EC) 95, que congela gastos p\u00fablicos por 20 anos -, para manter o pagamento de juros e amortiza\u00e7\u00f5es da d\u00edvida ao sistema financeiro e aumentar a arrecada\u00e7\u00e3o da Uni\u00e3o.<\/p>\n<p>\u201cEsse conjunto de medidas, que o governo vem intensificando, tem como foco central a diminui\u00e7\u00e3o de pol\u00edticas p\u00fablicas para diminuir os gastos e se \u2018adequar\u2019 \u00e0 EC 95. E, uma dessas formas, \u00e9 diminuir o n\u00famero de servidores p\u00fablicos. Se o contingente que o governo espera de ades\u00e3o do PDV se concretizar, as nossas pol\u00edticas p\u00fablicas estar\u00e3o condenadas para o segundo semestre de 2017\u201d, alerta a presidente do Sindicato Nacional, que antecipa que o PDV, certamente, se replicar\u00e1 nos estados e munic\u00edpios.<\/p>\n<p>Eblin Farage alerta tamb\u00e9m para o preocupante fato de uma redu\u00e7\u00e3o significativa do quadro de servidores p\u00fablicos, que j\u00e1 est\u00e1 escasso com a suspens\u00e3o de concursos, e que ainda deve diminuir com o aumento pedidos de aposentadoria daqueles que t\u00eam receio de perder direitos a contrarreforma da Previd\u00eancia seja aprovada.<\/p>\n<p>\u201cAtacar os servidores \u00e9 uma maneira de atacar toda a classe trabalhadora, porque, automaticamente, os servi\u00e7os ser\u00e3o diminu\u00eddos ou at\u00e9 suspensos. Em cada lugar que um funcion\u00e1rio aderir ao PDV, ser\u00e3o menos servidores para atender a popula\u00e7\u00e3o, em \u00e1reas essenciais como Sa\u00fade, Educa\u00e7\u00e3o, Previd\u00eancia, Seguran\u00e7a e outras\u201d, disse.\u00a0<strong><a href=\"http:\/\/portal.andes.org.br\/imprensa\/noticias\/imp-ult-836955781.pdf\" target=\"_blank\">Confira o texto do PDV.<\/a><\/strong><\/p>\n<p><strong><\/strong><strong>Demiss\u00e3o de Servidores<\/strong><\/p>\n<p>N\u00e3o \u00e9 de hoje que o governo federal tenta emplacar o PDV para os servidores p\u00fablicos federais, estaduais e municipais. A proposta quase foi aprovada no\u00a0<a href=\"http:\/\/www.andes.org.br\/andes\/print-ultimas-noticias.andes?id=8065\" target=\"_blank\">Projeto de Lei Complementar (PLP) 257\/16, enviado pela ex-presidente Dilma Rousseff, em abril do ano passado.<\/a>\u00a0O projeto previa, entre outras medidas, a suspens\u00e3o dos concursos p\u00fablicos, congelamento de sal\u00e1rios, n\u00e3o pagamento de progress\u00f5es e outras vantagens (como gratifica\u00e7\u00f5es) e, ainda, o programa de demiss\u00e3o. Durante as vota\u00e7\u00f5es do PLP 257 no Congresso Nacional, o PDV, e outros ataques aos servidores, foi retirado.<\/p>\n<p>Logo depois, j\u00e1 no governo Temer, foi enviado ao Congresso o PLP 343\/2017, que tamb\u00e9m trata do renegociamento de d\u00edvida dos estados e munic\u00edpios com a Uni\u00e3o e recuperou em seu texto uma s\u00e9rie de propostas que foram retiradas do PLP 257, como a autoriza\u00e7\u00e3o de contrata\u00e7\u00e3o de cr\u00e9dito, com garantia da Uni\u00e3o, financiar programas de desligamento volunt\u00e1rio de pessoal, em troca da renegocia\u00e7\u00e3o das d\u00edvidas.\u00a0 O PLP 343\/2017, convertido em maio na Lei Complementar 159\/2017 prev\u00ea ainda, entre outras medidas, a institui\u00e7\u00e3o de regime de previd\u00eancia complementar nos estados e munic\u00edpios e a revis\u00e3o do regime jur\u00eddico \u00fanico dos servidores estaduais da administra\u00e7\u00e3o p\u00fablica direta, aut\u00e1rquica e fundacional para suprimir benef\u00edcios ou vantagens n\u00e3o previstos no regime jur\u00eddico \u00fanico dos servidores p\u00fablicos da Uni\u00e3o.<\/p>\n<p>Para a presidente do ANDES-SN, o PDV n\u00e3o pode ser uma alternativa ao trabalhador. Eblin Farage relembra que o Programa realizado na d\u00e9cada de 90, no governo Fernando Henrique Cardoso (FHC), resultou em um n\u00famero grande de casos de suic\u00eddio no pa\u00eds.<\/p>\n<p>\u201cO PDV tem um lado extremamente cruel, como o que ocorreu na \u00e9poca do governo FHC, que ningu\u00e9m mostra. Muitos servidores se suicidaram, pois n\u00e3o conseguiram retornar ao mercado de trabalho. O Programa vai atrair aqueles servidores que est\u00e3o adoecidos por conta das condi\u00e7\u00f5es prec\u00e1rias de trabalho e endividados, cada vez mais, por conta do congelamento dos seus sal\u00e1rios. Eles veem o PDV como uma sa\u00edda imediata para resolver o seu problema imediato, mas em m\u00e9dio prazo a situa\u00e7\u00e3o n\u00e3o se resolve, pois o trabalhador n\u00e3o consegue se inserir no mercado de trabalho, e passa a ter uma condi\u00e7\u00e3o de vida ainda mais precarizada\u201d, afirma.<\/p>\n<p>Para Eblin Farage, \u201co servidor que aderir ao PDV perder\u00e1 a sua estabilidade no servi\u00e7o p\u00fablico para se inserir, depois, em uma economia totalmente insegura, que s\u00f3 atende os interesses do mercado financeiro e coloca nas costas do trabalhador a conta\u201d. A presidente do ANDES-SN conclama ainda toda a categoria docente a se posicionar contr\u00e1ria \u00e0 esse plano e intensificar a luta contra os ataques aos trabalhadores e aos servi\u00e7os p\u00fablicos, que resultam, entre outras coisas, no desmonte da Educa\u00e7\u00e3o p\u00fablica e gratuita, especialmente das universidades e institutos federais.<\/p>\n<p><strong>Isen\u00e7\u00f5es fiscais, d\u00edvidas e empr\u00e9stimos<\/strong><\/p>\n<p><strong><\/strong>Nos \u00faltimos meses, Michel Temer concedeu uma s\u00e9rie de isen\u00e7\u00f5es fiscais \u00e0s empresas, perdoou d\u00edvidas bilion\u00e1rias de bancos, autorizou empr\u00e9stimos a bancos internacionais e liberou a emendas parlamentares. De janeiro a junho, segundo levantamento da ONG Contas Abertas, o total liberado pelo governo para emendas foi de R$ 2,12 bilh\u00f5es. Nas tr\u00eas primeiras semanas de julho, foram liberados R$ 2,11 bilh\u00f5es de acordo com a entidade. O per\u00edodo corresponde ao de vota\u00e7\u00e3o, na Comiss\u00e3o de Constitui\u00e7\u00e3o e Justi\u00e7a da C\u00e2mara dos Deputados, da den\u00fancia de corrup\u00e7\u00e3o contra o presidente Michel Temer, e tamb\u00e9m de conclus\u00e3o da vota\u00e7\u00e3o da contrarreforma Trabalhista.<\/p>\n<p>Recentemente, o Conselho Administrativo de Recursos Fiscais (Carf), \u00f3rg\u00e3o vinculado ao Minist\u00e9rio da Fazenda, decidiu favoravelmente ao Ita\u00fa-Unibanco e Santander, em processo que cobrava, das empresas, o n\u00e3o pagamento de tributos em valor superior a R$ 25 bilh\u00f5es \u00e0 Receita Federal e R$ 338 milh\u00f5es de cobran\u00e7as de Imposto de Renda Pessoa Jur\u00eddica (IRPJ) e CSLL (Contribui\u00e7\u00e3o Social sobre o Lucro L\u00edquido), respectivamente.<\/p>\n<p>No dia 17 de julho, o\u00a0<a href=\"http:\/\/www.andes.org.br\/andes\/print-ultimas-noticias.andes?id=8933\" target=\"_blank\">Minist\u00e9rio da Educa\u00e7\u00e3o (MEC) foi autorizado pelo Minist\u00e9rio do Planejamento, Desenvolvimento e Gest\u00e3o (Mpog) a solicitar um empr\u00e9stimo de at\u00e9 US$ 250 milh\u00f5es<\/a>\u00a0(cerca de R$ 800 milh\u00f5es) ao Banco Internacional para Reconstru\u00e7\u00e3o e Desenvolvimento (Bird), do Bando Mundial, para implementar a contrarreforma do Ensino M\u00e9dio nos estados brasileiros.<\/p>\n<p><em>Fonte:\u00a0ANDES-SN<\/em><\/p>\n<p>&nbsp;<\/p>\n","protected":false},"excerpt":{"rendered":"<p>Uma medida que trata do Programa de Desligamento Volunt\u00e1rio (PDV) no \u00e2mbito do Poder Executivo Federal foi publicada no Di\u00e1rio Oficial da Uni\u00e3o (DOU) desta quinta-feira (27). A Medida Provis\u00f3ria (MP) n\u00ba 792\/17, assinada pelo presidente Michel Temer, tem como objetivo demitir 5 mil servidores p\u00fablicos federais e economizar, de acordo com c\u00e1lculos do governo,&hellip;<\/p>\n","protected":false},"author":3,"featured_media":16830,"comment_status":"closed","ping_status":"closed","sticky":false,"template":"","format":"standard","meta":{"footnotes":""},"categories":[15,417],"tags":[602,1003,197,1002],"class_list":["post-16829","post","type-post","status-publish","format-standard","has-post-thumbnail","hentry","category-noticias","category-noticias-destaque","tag-cortes","tag-demissao","tag-orcamento","tag-pdv","category-15","category-417","description-off"],"_links":{"self":[{"href":"https:\/\/www.adufpb.org.br\/site\/wp-json\/wp\/v2\/posts\/16829","targetHints":{"allow":["GET"]}}],"collection":[{"href":"https:\/\/www.adufpb.org.br\/site\/wp-json\/wp\/v2\/posts"}],"about":[{"href":"https:\/\/www.adufpb.org.br\/site\/wp-json\/wp\/v2\/types\/post"}],"author":[{"embeddable":true,"href":"https:\/\/www.adufpb.org.br\/site\/wp-json\/wp\/v2\/users\/3"}],"replies":[{"embeddable":true,"href":"https:\/\/www.adufpb.org.br\/site\/wp-json\/wp\/v2\/comments?post=16829"}],"version-history":[{"count":1,"href":"https:\/\/www.adufpb.org.br\/site\/wp-json\/wp\/v2\/posts\/16829\/revisions"}],"predecessor-version":[{"id":16831,"href":"https:\/\/www.adufpb.org.br\/site\/wp-json\/wp\/v2\/posts\/16829\/revisions\/16831"}],"wp:featuredmedia":[{"embeddable":true,"href":"https:\/\/www.adufpb.org.br\/site\/wp-json\/wp\/v2\/media\/16830"}],"wp:attachment":[{"href":"https:\/\/www.adufpb.org.br\/site\/wp-json\/wp\/v2\/media?parent=16829"}],"wp:term":[{"taxonomy":"category","embeddable":true,"href":"https:\/\/www.adufpb.org.br\/site\/wp-json\/wp\/v2\/categories?post=16829"},{"taxonomy":"post_tag","embeddable":true,"href":"https:\/\/www.adufpb.org.br\/site\/wp-json\/wp\/v2\/tags?post=16829"}],"curies":[{"name":"wp","href":"https:\/\/api.w.org\/{rel}","templated":true}]}}