{"id":16800,"date":"2017-07-24T11:32:50","date_gmt":"2017-07-24T14:32:50","guid":{"rendered":"http:\/\/www.adufpb.org.br\/site\/?p=16800"},"modified":"2017-07-24T11:32:50","modified_gmt":"2017-07-24T14:32:50","slug":"csp-conlutas-lanca-site-do-3-congresso-nacional-da-central","status":"publish","type":"post","link":"https:\/\/www.adufpb.org.br\/site\/csp-conlutas-lanca-site-do-3-congresso-nacional-da-central\/","title":{"rendered":"CSP-Conlutas lan\u00e7a site do 3\u00b0 Congresso Nacional da central"},"content":{"rendered":"<p>A CSP-Conlutas lan\u00e7ou neste m\u00eas de julho o site do 3\u00ba Congresso Nacional da central sindical, que acontece\u00a0de 12 a 15 de outubro\u00a0deste ano, em Sumar\u00e9 (SP). A p\u00e1gina na internet cont\u00e9m informa\u00e7\u00f5es importantes sobre o encontro, como not\u00edcias, calend\u00e1rio, programa\u00e7\u00e3o, o\u00a0<a href=\"http:\/\/portal.andes.org.br\/imprensa\/noticias\/imp-ult-365249049.pdf\" target=\"_blank\">regimento interno e crit\u00e9rios de participa\u00e7\u00e3o<\/a>, al\u00e9m de disponibilizar para download materiais de divulga\u00e7\u00e3o como cartazes, adesivos e o\u00a0<a href=\"http:\/\/portal.andes.org.br\/imprensa\/noticias\/imp-ult-522019556.pdf\" target=\"_blank\">manifesto<\/a>\u00a0de lan\u00e7amento do Congresso.<\/p>\n<p>O cadastro e a inscri\u00e7\u00e3o para a participa\u00e7\u00e3o dos delegados das entidades e movimentos ser\u00e3o feitos pelo site, assim como a emiss\u00e3o do boleto de pagamento das taxas da respectiva delega\u00e7\u00e3o.<\/p>\n<p><strong>Participa\u00e7\u00e3o do ANDES-SN<\/strong><\/p>\n<p><strong>\u00a0<\/strong>A participa\u00e7\u00e3o do ANDES-SN e das se\u00e7\u00f5es sindicais no 3\u00ba Congresso da CSP-Conlutas foi debatida no 62\u00ba Conad do Sindicato Nacional, realizado de 13 a 16 de julho, em Niter\u00f3i (RJ). Na plen\u00e1ria que tratou do plano de lutas gerais da entidade, foi deliberado apresentar ao 3\u00ba Congresso da CSP-Conlutas uma proposta de modifica\u00e7\u00e3o de crit\u00e9rios de representa\u00e7\u00e3o na Central, levando em conta n\u00famero de sindicalizados e n\u00e3o de trabalhadores da base.\u00a0Al\u00e9m disso, os docentes aprovaram incentivar\u00a0a\u00a0participa\u00e7\u00e3o das se\u00e7\u00f5es sindicais no 3\u00ba Congresso da CSP-Conlutas e a regulariza\u00e7\u00e3o financeira das se\u00e7\u00f5es junto \u00e0 Central, al\u00e9m da realiza\u00e7\u00e3o de levantamento acerca da participa\u00e7\u00e3o das se\u00e7\u00f5es sindicais na CSP-Conlutas e a participa\u00e7\u00e3o efetiva das se\u00e7\u00f5es sindicais nas secretarias estaduais e regionais da CSP-Conlutas.<\/p>\n<p>Acesse\u00a0<a href=\"http:\/\/www.cspconlutas.org.br\/congresso\" target=\"_blank\">aqui<\/a>\u00a0o site do 3\u00ba Congresso Nacional da CSP-Conlutas ou atrav\u00e9s do endere\u00e7o:\u00a0<a href=\"http:\/\/www.cspconlutas.org.br\/congresso\">www.cspconlutas.org.br\/congresso<\/a><\/p>\n<p><em>Fonte:\u00a0ANDES-SN<\/em><\/p>\n<p><em>\u00a0<\/em><\/p>\n","protected":false},"excerpt":{"rendered":"<p>A CSP-Conlutas lan\u00e7ou neste m\u00eas de julho o site do 3\u00ba Congresso Nacional da central sindical, que acontece\u00a0de 12 a 15 de outubro\u00a0deste ano, em Sumar\u00e9 (SP). A p\u00e1gina na internet cont\u00e9m informa\u00e7\u00f5es importantes sobre o encontro, como not\u00edcias, calend\u00e1rio, programa\u00e7\u00e3o, o\u00a0regimento interno e crit\u00e9rios de participa\u00e7\u00e3o, al\u00e9m de disponibilizar para download materiais de divulga\u00e7\u00e3o&hellip;<\/p>\n","protected":false},"author":3,"featured_media":0,"comment_status":"closed","ping_status":"closed","sticky":false,"template":"","format":"standard","meta":{"footnotes":""},"categories":[15],"tags":[287],"class_list":["post-16800","post","type-post","status-publish","format-standard","hentry","category-noticias","tag-csp-conlutas","category-15","description-off"],"_links":{"self":[{"href":"https:\/\/www.adufpb.org.br\/site\/wp-json\/wp\/v2\/posts\/16800","targetHints":{"allow":["GET"]}}],"collection":[{"href":"https:\/\/www.adufpb.org.br\/site\/wp-json\/wp\/v2\/posts"}],"about":[{"href":"https:\/\/www.adufpb.org.br\/site\/wp-json\/wp\/v2\/types\/post"}],"author":[{"embeddable":true,"href":"https:\/\/www.adufpb.org.br\/site\/wp-json\/wp\/v2\/users\/3"}],"replies":[{"embeddable":true,"href":"https:\/\/www.adufpb.org.br\/site\/wp-json\/wp\/v2\/comments?post=16800"}],"version-history":[{"count":1,"href":"https:\/\/www.adufpb.org.br\/site\/wp-json\/wp\/v2\/posts\/16800\/revisions"}],"predecessor-version":[{"id":16801,"href":"https:\/\/www.adufpb.org.br\/site\/wp-json\/wp\/v2\/posts\/16800\/revisions\/16801"}],"wp:attachment":[{"href":"https:\/\/www.adufpb.org.br\/site\/wp-json\/wp\/v2\/media?parent=16800"}],"wp:term":[{"taxonomy":"category","embeddable":true,"href":"https:\/\/www.adufpb.org.br\/site\/wp-json\/wp\/v2\/categories?post=16800"},{"taxonomy":"post_tag","embeddable":true,"href":"https:\/\/www.adufpb.org.br\/site\/wp-json\/wp\/v2\/tags?post=16800"}],"curies":[{"name":"wp","href":"https:\/\/api.w.org\/{rel}","templated":true}]}}