{"id":16764,"date":"2017-07-17T12:47:57","date_gmt":"2017-07-17T15:47:57","guid":{"rendered":"http:\/\/www.adufpb.org.br\/site\/?p=16764"},"modified":"2017-07-17T12:47:57","modified_gmt":"2017-07-17T15:47:57","slug":"delegados-aprovam-prestacao-de-contas-e-fortaleza-e-sede-do-proximo-conad","status":"publish","type":"post","link":"https:\/\/www.adufpb.org.br\/site\/delegados-aprovam-prestacao-de-contas-e-fortaleza-e-sede-do-proximo-conad\/","title":{"rendered":"Delegados aprovam presta\u00e7\u00e3o de contas e Fortaleza \u00e9 sede do pr\u00f3ximo Conad"},"content":{"rendered":"<p><em>Al\u00e9m das delibera\u00e7\u00f5es foi homologada mais uma Se\u00e7\u00e3o Sindical do Sindicato Nacional no Rio de Janeiro<\/em><\/p>\n<p><a href=\"http:\/\/www.adufpb.org.br\/site\/wp-content\/uploads\/2017\/07\/2017.07.16-Encerramento-62\u00ba-Conad.jpg\"><img loading=\"lazy\" decoding=\"async\" class=\"alignleft size-medium wp-image-16766\" alt=\"2017.07.16 - Encerramento 62\u00ba Conad\" src=\"http:\/\/www.adufpb.org.br\/site\/wp-content\/uploads\/2017\/07\/2017.07.16-Encerramento-62\u00ba-Conad-300x200.jpg\" width=\"300\" height=\"200\" srcset=\"https:\/\/www.adufpb.org.br\/site\/wp-content\/uploads\/2017\/07\/2017.07.16-Encerramento-62\u00ba-Conad-300x200.jpg 300w, https:\/\/www.adufpb.org.br\/site\/wp-content\/uploads\/2017\/07\/2017.07.16-Encerramento-62\u00ba-Conad.jpg 450w\" sizes=\"auto, (max-width: 300px) 100vw, 300px\" \/><\/a>Realizada na tarde deste domingo (16), a plen\u00e1ria de tema IV, que trata das quest\u00f5es organizativas e financeiras do Sindicato Nacional, contou com a participa\u00e7\u00e3o dos delegados que aprovaram a presta\u00e7\u00e3o de contas do exerc\u00edcio de 2016 e a previs\u00e3o or\u00e7ament\u00e1ria apresentada para o ano de 2018, analisada nos grupos mistos nos dias anteriores.<\/p>\n<p>Para Caui\u00e1 Al-Alam, 1\u00ba secret\u00e1rio da Regional do Rio Grande do Sul do ANDES-SN que coordenou a mesa, a plen\u00e1ria teve delibera\u00e7\u00f5es importantes e emocionantes.\u00a0 \u201cNo \u00e2mbito das quest\u00f5es organizativas a plen\u00e1ria foi importante pois j\u00e1 discutimos propostas para pensar a reorganiza\u00e7\u00e3o de alguns elementos do Sindicato Nacional, principalmente a quest\u00e3o financeira. Tamb\u00e9m tivemos dois momentos que al\u00e9m de importantes foram muito bonitos: a homologa\u00e7\u00e3o de uma nova Se\u00e7\u00e3o Sindical, que demostra que o ANDES-SN vem crescendo, ao contr\u00e1rio do que apontam alguns movimentos pol\u00edticos, e ainda por aclama\u00e7\u00e3o a aprova\u00e7\u00e3o da cidade-sede do pr\u00f3ximo Conad em Fortaleza\u201d disse.<\/p>\n<p><strong>Metodologia dos Congressos e CONADs<\/strong><\/p>\n<p>Foi deliberado ainda que, a partir do pr\u00f3ximo Congresso do ANDES-SN, os textos de conjuntura, movimento docente e centralidade da luta poder\u00e3o ser encaminhados tamb\u00e9m para o Anexo ao Caderno de Textos (Congressos e Conads), desde que oriundos e aprovados em assembleias de base. Outra decis\u00e3o que diz respeito \u00e0 metodologia dos Congressos do ANDES-SN ser\u00e1 a divis\u00e3o da plen\u00e1ria de Conjuntura, Movimento Docente e Centralidade da Luta em dois momentos distintos: um primeiro momento ser\u00e1 destinada \u00e0 discuss\u00e3o de Conjuntura e Movimento Docente; e um segundo momento para aprecia\u00e7\u00e3o e delibera\u00e7\u00e3o\u00a0 sobre Centralidade da Luta<\/p>\n<p><strong>Fortaleza sediar\u00e1 63\u00ba Conad em 2018<\/strong><\/p>\n<p>Foi aprovada por aclama\u00e7\u00e3o a cidade-sede para realiza\u00e7\u00e3o da pr\u00f3xima edi\u00e7\u00e3o do<a href=\"http:\/\/www.adufpb.org.br\/site\/wp-content\/uploads\/2017\/07\/2017.07.16-Encerramento-62\u00ba-Conad-2.jpg\"><img loading=\"lazy\" decoding=\"async\" class=\"alignright size-medium wp-image-16765\" alt=\"2017.07.16 - Encerramento 62\u00ba Conad 2\" src=\"http:\/\/www.adufpb.org.br\/site\/wp-content\/uploads\/2017\/07\/2017.07.16-Encerramento-62\u00ba-Conad-2-300x200.jpg\" width=\"300\" height=\"200\" srcset=\"https:\/\/www.adufpb.org.br\/site\/wp-content\/uploads\/2017\/07\/2017.07.16-Encerramento-62\u00ba-Conad-2-300x200.jpg 300w, https:\/\/www.adufpb.org.br\/site\/wp-content\/uploads\/2017\/07\/2017.07.16-Encerramento-62\u00ba-Conad-2.jpg 450w\" sizes=\"auto, (max-width: 300px) 100vw, 300px\" \/><\/a> Conad, que ser\u00e1 em Fortaleza (CE), sob organiza\u00e7\u00e3o da Sinduece SSind.<br \/>\n<strong><br \/>\nHomologa\u00e7\u00e3o de nova Se\u00e7\u00e3o Sindical<\/strong><\/p>\n<p>Os participantes deliberaram pela homologa\u00e7\u00e3o da constitui\u00e7\u00e3o da Associa\u00e7\u00e3o dos Docentes da Educa\u00e7\u00e3o Superior da Faetec (Funda\u00e7\u00e3o de Apoio a Escola T\u00e9cnica do Estado do Rio de Janeiro) \u2013 Adesfaetec SSind em Se\u00e7\u00e3o Sindical do ANDES-SN.\u00a0 Segundo Gustavo Lopes, dirigente da Adesfaetec, a homologa\u00e7\u00e3o \u00e9 importante pois \u201co ANDES-SN tem o ac\u00famulo necess\u00e1rio para transformar a nossa institui\u00e7\u00e3o atrav\u00e9s dos princ\u00edpios de autonomia, indissociabilidade ensino, pesquisa e extens\u00e3o e pela constru\u00e7\u00e3o de uma educa\u00e7\u00e3o p\u00fablica, gratuita, de qualidade e socialmente referenciada\u201d afirmou.<\/p>\n<p><em>Fonte:\u00a0ANDES-SN<\/em><\/p>\n<p>&nbsp;<\/p>\n","protected":false},"excerpt":{"rendered":"<p>Al\u00e9m das delibera\u00e7\u00f5es foi homologada mais uma Se\u00e7\u00e3o Sindical do Sindicato Nacional no Rio de Janeiro Realizada na tarde deste domingo (16), a plen\u00e1ria de tema IV, que trata das quest\u00f5es organizativas e financeiras do Sindicato Nacional, contou com a participa\u00e7\u00e3o dos delegados que aprovaram a presta\u00e7\u00e3o de contas do exerc\u00edcio de 2016 e a&hellip;<\/p>\n","protected":false},"author":3,"featured_media":0,"comment_status":"closed","ping_status":"closed","sticky":false,"template":"","format":"standard","meta":{"footnotes":""},"categories":[15],"tags":[970,164],"class_list":["post-16764","post","type-post","status-publish","format-standard","hentry","category-noticias","tag-62o-conad","tag-conad","category-15","description-off"],"_links":{"self":[{"href":"https:\/\/www.adufpb.org.br\/site\/wp-json\/wp\/v2\/posts\/16764","targetHints":{"allow":["GET"]}}],"collection":[{"href":"https:\/\/www.adufpb.org.br\/site\/wp-json\/wp\/v2\/posts"}],"about":[{"href":"https:\/\/www.adufpb.org.br\/site\/wp-json\/wp\/v2\/types\/post"}],"author":[{"embeddable":true,"href":"https:\/\/www.adufpb.org.br\/site\/wp-json\/wp\/v2\/users\/3"}],"replies":[{"embeddable":true,"href":"https:\/\/www.adufpb.org.br\/site\/wp-json\/wp\/v2\/comments?post=16764"}],"version-history":[{"count":1,"href":"https:\/\/www.adufpb.org.br\/site\/wp-json\/wp\/v2\/posts\/16764\/revisions"}],"predecessor-version":[{"id":16767,"href":"https:\/\/www.adufpb.org.br\/site\/wp-json\/wp\/v2\/posts\/16764\/revisions\/16767"}],"wp:attachment":[{"href":"https:\/\/www.adufpb.org.br\/site\/wp-json\/wp\/v2\/media?parent=16764"}],"wp:term":[{"taxonomy":"category","embeddable":true,"href":"https:\/\/www.adufpb.org.br\/site\/wp-json\/wp\/v2\/categories?post=16764"},{"taxonomy":"post_tag","embeddable":true,"href":"https:\/\/www.adufpb.org.br\/site\/wp-json\/wp\/v2\/tags?post=16764"}],"curies":[{"name":"wp","href":"https:\/\/api.w.org\/{rel}","templated":true}]}}