{"id":16736,"date":"2017-07-14T11:15:38","date_gmt":"2017-07-14T14:15:38","guid":{"rendered":"http:\/\/www.adufpb.org.br\/site\/?p=16736"},"modified":"2017-07-14T11:15:38","modified_gmt":"2017-07-14T14:15:38","slug":"tem-inicio-o-62o-conad-na-cidade-de-niteroi-rj","status":"publish","type":"post","link":"https:\/\/www.adufpb.org.br\/site\/tem-inicio-o-62o-conad-na-cidade-de-niteroi-rj\/","title":{"rendered":"Tem in\u00edcio o 62\u00ba Conad na cidade de Niter\u00f3i (RJ)"},"content":{"rendered":"<div id=\"conteudo\">\n<p><a href=\"http:\/\/www.adufpb.org.br\/site\/wp-content\/uploads\/2017\/07\/2017.07.13-Abertura-62\u00ba-Conad-3.jpg\"><img loading=\"lazy\" decoding=\"async\" class=\"alignleft size-medium wp-image-16739\" alt=\"2017.07.13 - Abertura 62\u00ba Conad 3\" src=\"http:\/\/www.adufpb.org.br\/site\/wp-content\/uploads\/2017\/07\/2017.07.13-Abertura-62\u00ba-Conad-3-300x200.jpg\" width=\"300\" height=\"200\" srcset=\"https:\/\/www.adufpb.org.br\/site\/wp-content\/uploads\/2017\/07\/2017.07.13-Abertura-62\u00ba-Conad-3-300x200.jpg 300w, https:\/\/www.adufpb.org.br\/site\/wp-content\/uploads\/2017\/07\/2017.07.13-Abertura-62\u00ba-Conad-3-1024x682.jpg 1024w, https:\/\/www.adufpb.org.br\/site\/wp-content\/uploads\/2017\/07\/2017.07.13-Abertura-62\u00ba-Conad-3.jpg 1296w\" sizes=\"auto, (max-width: 300px) 100vw, 300px\" \/><\/a>Teve in\u00edcio, na manh\u00e3 dessa quinta-feira (13), o 62\u00ba Conad do ANDES-SN, no teatro popular Oscar Niemeyer, na cidade de Niter\u00f3i (RJ). Marcada por discursos que reafirmaram a necessidade da unidade na luta diante do acirramento dos ataques aos direitos dos trabalhadores, a Plen\u00e1ria de Abertura foi antecedida pela apresenta\u00e7\u00e3o cultural da Orquestra de Cordas Querubins da Grota. Durante a plen\u00e1ria ocorreram tamb\u00e9m os lan\u00e7amentos de diversos materiais de apoio e divulga\u00e7\u00e3o das a\u00e7\u00f5es do Sindicato Nacional como cartilhas, revista e v\u00eddeo.<\/p>\n<p>A mesa da plen\u00e1ria foi composta por diretores do ANDES-SN e representantes da Se\u00e7\u00e3o Sindical dos Docentes da Universidade Federal Fluminense &#8211; UFF (Aduff-SSind), que sedia o encontro, da CSP-Conlutas, do Sindicato dos Profissionais de Educa\u00e7\u00e3o (Sepe Niter\u00f3i), do Movimento dos Sem Terra (MST), do Movimento dos Trabalhadores sem Teto (MTST),\u00a0 da Associa\u00e7\u00e3o Nacional dos Auditores Fiscais da Receita Federal (Anfip), da Associa\u00e7\u00e3o dos Trabalhadores da Funda\u00e7\u00e3o Oswaldo Cruz (Asfoc), do Diret\u00f3rio Central dos Estudantes da UFF (DCE-UFF), do Sindicato dos Trabalhadores em Educa\u00e7\u00e3o da UFF (Sintuff), do Conselho Federal do Servi\u00e7o Social (Cfess), da Oposi\u00e7\u00e3o da Une e da Federa\u00e7\u00e3o Nacional dos Estudantes em Ensino T\u00e9cnico (Fenet).<\/p>\n<p>Paulo Barela, da CSP-Conlutas, abordou o grave momento enfrentado pelos trabalhadores que sofrem as consequ\u00eancias de uma profunda crise econ\u00f4mica e pol\u00edtica instalada por esquemas de corrup\u00e7\u00e3o. Barela\u00a0 falou ainda da import\u00e2ncia da luta e da imediata necessidade de constru\u00e7\u00e3o de uma nova greve geral no pa\u00eds.<\/p>\n<p>\u201cN\u00f3s s\u00f3 vamos enfrentar os ataques dos governos burgueses com a unidade dos trabalhadores nas ruas. E para isso ser feito precisamos parar o pa\u00eds. Ou os projetos seguir\u00e3o sendo aprovados no Congresso, como vimos agora com a Reforma Trabalhista, que foi feita a partir da compra de Senadores\u201d,disse o representante da CSP-Conlutas, que destacou ainda a import\u00e2ncia dos espa\u00e7os de debates como Conad. \u201cJuntos, a partir dos debates que ser\u00e3o feitos aqui, e no depois no congresso nacional da CSP-Conlutas, estaremos construindo as condi\u00e7\u00f5es necess\u00e1rias junto \u00e0 classe trabalhadora, para acabar com essas reformas e, mais do que isso, para derrubar esse governo corrupto, que n\u00e3o representa os nossos interesses\u201d afirmou.<\/p>\n<p><a href=\"http:\/\/www.adufpb.org.br\/site\/wp-content\/uploads\/2017\/07\/2017.07.13-Abertura-62\u00ba-Conad.jpg\"><img loading=\"lazy\" decoding=\"async\" class=\"alignright size-medium wp-image-16737\" alt=\"2017.07.13 - Abertura 62\u00ba Conad\" src=\"http:\/\/www.adufpb.org.br\/site\/wp-content\/uploads\/2017\/07\/2017.07.13-Abertura-62\u00ba-Conad-300x200.jpg\" width=\"300\" height=\"200\" srcset=\"https:\/\/www.adufpb.org.br\/site\/wp-content\/uploads\/2017\/07\/2017.07.13-Abertura-62\u00ba-Conad-300x200.jpg 300w, https:\/\/www.adufpb.org.br\/site\/wp-content\/uploads\/2017\/07\/2017.07.13-Abertura-62\u00ba-Conad-1024x682.jpg 1024w, https:\/\/www.adufpb.org.br\/site\/wp-content\/uploads\/2017\/07\/2017.07.13-Abertura-62\u00ba-Conad.jpg 1296w\" sizes=\"auto, (max-width: 300px) 100vw, 300px\" \/><\/a>O presidente da Aduff SSind., Gustavo Gomes, destacou a import\u00e2ncia do 62\u00ba Conad, que tem a tarefa de atualizar a conjuntura num dos momentos mais dram\u00e1ticos para os trabalhadores brasileiros, quando se verificam ataques aos direitos sociais. \u201cNo reunimos na mesma semana em que foi aprovada a Reforma Trabalhista, que coloca o negociado no livre mercado entre trabalhador e patr\u00e3o acima do direito constitucional garantido e, napr\u00e1tica, elimina quase todos os direitos trabalhistas. Em um momento em que se tenta aprovar uma Reforma da Previd\u00eancia, que diminui os direitos \u00e0spens\u00f5es, retira significativamente o direito \u00e0 aposentadoria por invalidez, aumenta a idade para o recebimento dos benef\u00edcios de aposentadoria. Momento no qual se ataca a democracia de diversos modos, em que o governo Temer tem implementado essas reformas mesmo com todas as den\u00fancias de corrup\u00e7\u00e3o contra ele e diversos parlamentares\u201d, ressaltou Gomes.<\/p>\n<p>Para Eblin Farage, presidente do ANDES-SN, a import\u00e2ncia central do 62\u00ba Conad \u00e9 o debate do grave momento vivido pelo trabalhador. \u201cEstamos num momento em que se acirrou a conjuntura, com a aprova\u00e7\u00e3o da Reforma Trabalhista que vai incidir sobre todos os trabalhadores e que vai deteriorar ainda mais as condi\u00e7\u00f5es de trabalho nas universidades p\u00fablicas, porque j\u00e1 atinge imediatamente todos os terceirizados, precariza ainda mais as condi\u00e7\u00f5es de trabalho e consequentemente as condi\u00e7\u00f5es de ensino\u201d, afirmou.<\/p>\n<p><a href=\"http:\/\/www.adufpb.org.br\/site\/wp-content\/uploads\/2017\/07\/2017.07.13-Abertura-62\u00ba-Conad.jpg\"><img loading=\"lazy\" decoding=\"async\" class=\"alignleft size-medium wp-image-16737\" alt=\"2017.07.13 - Abertura 62\u00ba Conad\" src=\"http:\/\/www.adufpb.org.br\/site\/wp-content\/uploads\/2017\/07\/2017.07.13-Abertura-62\u00ba-Conad-300x200.jpg\" width=\"300\" height=\"200\" srcset=\"https:\/\/www.adufpb.org.br\/site\/wp-content\/uploads\/2017\/07\/2017.07.13-Abertura-62\u00ba-Conad-300x200.jpg 300w, https:\/\/www.adufpb.org.br\/site\/wp-content\/uploads\/2017\/07\/2017.07.13-Abertura-62\u00ba-Conad-1024x682.jpg 1024w, https:\/\/www.adufpb.org.br\/site\/wp-content\/uploads\/2017\/07\/2017.07.13-Abertura-62\u00ba-Conad.jpg 1296w\" sizes=\"auto, (max-width: 300px) 100vw, 300px\" \/><\/a>A presidente do Sindicato Nacional alertou ainda que, ap\u00f3s o 62\u00ba Conad, deve se intensificar ainda mais a agenda de lutas dos docentes. \u201cDevemos sair desse Conad com a atualiza\u00e7\u00e3o dos nossos planos de lutas, que nos mobilize a ir \u00e0s ruas, com mais intensidade, dizer n\u00e3o \u00e0s contrarreformas, e, agora,lutar tamb\u00e9m pela revoga\u00e7\u00e3o da Reforma Trabalhista, assim como a revoga\u00e7\u00e3o da Lei da Terceiriza\u00e7\u00e3o, e, para isso, construir a unidade mais ampla poss\u00edvel para ir tamb\u00e9m \u00e0s ruas para retirar o ileg\u00edtimo presidente Michel Temer e os demais pol\u00edticos corruptos do Congresso Nacional, que est\u00e3o atacando os direitos dos trabalhadores\u201d, conclamou, declarando aberto o 62\u00ba Conad.<\/p>\n<p>O encontro, que tem como tema central \u201cAvan\u00e7ar na unidade e reorganiza\u00e7\u00e3o da classe trabalhadora: em defesa da educa\u00e7\u00e3o p\u00fablica e nenhum direito a menos!&#8221;, acontece de quinta (13) a domingo (16), em Niter\u00f3i (RJ), e re\u00fane docentes das se\u00e7\u00f5es sindicais do ANDES-SN de todo o pa\u00eds.<\/p>\n<p><em>Foto 2: Luiz Fernando Nabuco \/ Aduff SSind.<\/em><\/p>\n<p><em>Fonte:\u00a0ANDES-SN<\/em><\/p>\n<\/div>\n","protected":false},"excerpt":{"rendered":"<p>Teve in\u00edcio, na manh\u00e3 dessa quinta-feira (13), o 62\u00ba Conad do ANDES-SN, no teatro popular Oscar Niemeyer, na cidade de Niter\u00f3i (RJ). Marcada por discursos que reafirmaram a necessidade da unidade na luta diante do acirramento dos ataques aos direitos dos trabalhadores, a Plen\u00e1ria de Abertura foi antecedida pela apresenta\u00e7\u00e3o cultural da Orquestra de Cordas&hellip;<\/p>\n","protected":false},"author":3,"featured_media":0,"comment_status":"closed","ping_status":"closed","sticky":false,"template":"","format":"standard","meta":{"footnotes":""},"categories":[15],"tags":[970,164],"class_list":["post-16736","post","type-post","status-publish","format-standard","hentry","category-noticias","tag-62o-conad","tag-conad","category-15","description-off"],"_links":{"self":[{"href":"https:\/\/www.adufpb.org.br\/site\/wp-json\/wp\/v2\/posts\/16736","targetHints":{"allow":["GET"]}}],"collection":[{"href":"https:\/\/www.adufpb.org.br\/site\/wp-json\/wp\/v2\/posts"}],"about":[{"href":"https:\/\/www.adufpb.org.br\/site\/wp-json\/wp\/v2\/types\/post"}],"author":[{"embeddable":true,"href":"https:\/\/www.adufpb.org.br\/site\/wp-json\/wp\/v2\/users\/3"}],"replies":[{"embeddable":true,"href":"https:\/\/www.adufpb.org.br\/site\/wp-json\/wp\/v2\/comments?post=16736"}],"version-history":[{"count":1,"href":"https:\/\/www.adufpb.org.br\/site\/wp-json\/wp\/v2\/posts\/16736\/revisions"}],"predecessor-version":[{"id":16740,"href":"https:\/\/www.adufpb.org.br\/site\/wp-json\/wp\/v2\/posts\/16736\/revisions\/16740"}],"wp:attachment":[{"href":"https:\/\/www.adufpb.org.br\/site\/wp-json\/wp\/v2\/media?parent=16736"}],"wp:term":[{"taxonomy":"category","embeddable":true,"href":"https:\/\/www.adufpb.org.br\/site\/wp-json\/wp\/v2\/categories?post=16736"},{"taxonomy":"post_tag","embeddable":true,"href":"https:\/\/www.adufpb.org.br\/site\/wp-json\/wp\/v2\/tags?post=16736"}],"curies":[{"name":"wp","href":"https:\/\/api.w.org\/{rel}","templated":true}]}}