{"id":1671,"date":"2011-05-27T10:46:08","date_gmt":"2011-05-27T14:46:08","guid":{"rendered":"http:\/\/www.adufpb.org.br\/site\/camara-aprova-mp-que-cria-estatal-para-administrar-hospitais-universitarios\/"},"modified":"2011-05-27T10:46:08","modified_gmt":"2011-05-27T14:46:08","slug":"camara-aprova-mp-que-cria-estatal-para-administrar-hospitais-universitarios","status":"publish","type":"post","link":"https:\/\/www.adufpb.org.br\/site\/camara-aprova-mp-que-cria-estatal-para-administrar-hospitais-universitarios\/","title":{"rendered":"C\u00e2mara aprova MP que cria estatal para administrar hospitais universit\u00e1rios"},"content":{"rendered":"<div id=\"_mcePaste\" style=\"position: absolute; left: -10000px; top: 0px; width: 1px; height: 1px; overflow-x: hidden; overflow-y: hidden;\">C\u00e2mara aprova MP que cria estatal para administrar hospitais universit\u00e1rios<\/div>\n<div id=\"_mcePaste\" style=\"position: absolute; left: -10000px; top: 0px; width: 1px; height: 1px; overflow-x: hidden; overflow-y: hidden;\">Iolando Louren\u00e7o<\/div>\n<div id=\"_mcePaste\" style=\"position: absolute; left: -10000px; top: 0px; width: 1px; height: 1px; overflow-x: hidden; overflow-y: hidden;\">Rep\u00f3rter da Ag\u00eancia Brasil<\/div>\n<div id=\"_mcePaste\" style=\"position: absolute; left: -10000px; top: 0px; width: 1px; height: 1px; overflow-x: hidden; overflow-y: hidden;\">Bras\u00edlia \u2013 A C\u00e2mara do Deputados aprovou na noite de hoje (25) a Medida Provis\u00f3ria (MP) 520, que autoriza o Poder Executivo a criar a Empresa Brasileira de Servi\u00e7os Hospitalares. A nova estatal tem por objetivo administrar os hospitais universit\u00e1rios, unidades hospitalares e a presta\u00e7\u00e3o de servi\u00e7os de assist\u00eancia m\u00e9dico-hospitalar no \u00e2mbito do Sistema \u00danico de Sa\u00fade (SUS).<\/div>\n<div id=\"_mcePaste\" style=\"position: absolute; left: -10000px; top: 0px; width: 1px; height: 1px; overflow-x: hidden; overflow-y: hidden;\">A outra MP aprovada, de n\u00famero 5 21, reajusta o valor da bolsa para m\u00e9dicos residentes de R$ 1.916, 45 para R$ 2.338, 06, retroativo a 1\u00ba de janeiro. A medida provis\u00f3ria tamb\u00e9m disciplina outros direitos como as licen\u00e7as-maternidade e paternidade.<\/div>\n<div id=\"_mcePaste\" style=\"position: absolute; left: -10000px; top: 0px; width: 1px; height: 1px; overflow-x: hidden; overflow-y: hidden;\">A relatora da MP 521, deputada Jandira Feghali (PCdoB-RJ) retirou do texto dispositivo que trata do regime diferenciado de contrata\u00e7\u00f5es destinadas \u00e0s licita\u00e7\u00f5es para obras destinadas para a realiza\u00e7\u00e3o das copas das Confedera\u00e7\u00f5es, do Mundo e das Olimp\u00edadas. O dispositivo dever\u00e1 ser inclu\u00eddo na MP 527, que disp\u00f5e sobre organiza\u00e7\u00e3o da Presid\u00eancia da Rep\u00fablica e dos minist\u00e9rios e cria a Secretaria de Avia\u00e7\u00e3o Civil.<\/div>\n<div id=\"_mcePaste\" style=\"position: absolute; left: -10000px; top: 0px; width: 1px; height: 1px; overflow-x: hidden; overflow-y: hidden;\">Agora, as duas MPs ser\u00e3o apreciadas pelo Senado Federal.<\/div>\n<div><em>Iolando Louren\u00e7o<\/em><\/div>\n<div><em>Rep\u00f3rter da Ag\u00eancia Brasil<\/em><\/div>\n<div><\/div>\n<div>Bras\u00edlia \u2013 A C\u00e2mara do Deputados aprovou na noite de hoje (25) a Medida Provis\u00f3ria (MP) 520, que autoriza o Poder Executivo a criar a Empresa Brasileira de Servi\u00e7os Hospitalares. A nova estatal tem por objetivo administrar os hospitais universit\u00e1rios, unidades hospitalares e a presta\u00e7\u00e3o de servi\u00e7os de assist\u00eancia m\u00e9dico-hospitalar no \u00e2mbito do Sistema \u00danico de Sa\u00fade (SUS).<\/div>\n<div><\/div>\n<div>A outra MP aprovada, de n\u00famero 5 21, reajusta o valor da bolsa para m\u00e9dicos residentes de R$ 1.916, 45 para R$ 2.338, 06, retroativo a 1\u00ba de janeiro. A medida provis\u00f3ria tamb\u00e9m disciplina outros direitos como as licen\u00e7as-maternidade e paternidade.<\/div>\n<div><\/div>\n<div>A relatora da MP 521, deputada Jandira Feghali (PCdoB-RJ) retirou do texto dispositivo que trata do regime diferenciado de contrata\u00e7\u00f5es destinadas \u00e0s licita\u00e7\u00f5es para obras destinadas para a realiza\u00e7\u00e3o das copas das Confedera\u00e7\u00f5es, do Mundo e das Olimp\u00edadas. O dispositivo dever\u00e1 ser inclu\u00eddo na MP 527, que disp\u00f5e sobre organiza\u00e7\u00e3o da Presid\u00eancia da Rep\u00fablica e dos minist\u00e9rios e cria a Secretaria de Avia\u00e7\u00e3o Civil.<\/div>\n<div><\/div>\n<div>Agora, as duas MPs ser\u00e3o apreciadas pelo Senado Federal.<\/div>\n","protected":false},"excerpt":{"rendered":"<p>C\u00e2mara aprova MP que cria estatal para administrar hospitais universit\u00e1rios Iolando Louren\u00e7o Rep\u00f3rter da Ag\u00eancia Brasil Bras\u00edlia \u2013 A C\u00e2mara do Deputados aprovou na noite de hoje (25) a Medida Provis\u00f3ria (MP) 520, que autoriza o Poder Executivo a criar a Empresa Brasileira de Servi\u00e7os Hospitalares. A nova estatal tem por objetivo administrar os hospitais&hellip;<\/p>\n","protected":false},"author":3,"featured_media":0,"comment_status":"open","ping_status":"open","sticky":false,"template":"","format":"standard","meta":{"footnotes":""},"categories":[15],"tags":[],"class_list":["post-1671","post","type-post","status-publish","format-standard","hentry","category-noticias","category-15","description-off"],"_links":{"self":[{"href":"https:\/\/www.adufpb.org.br\/site\/wp-json\/wp\/v2\/posts\/1671","targetHints":{"allow":["GET"]}}],"collection":[{"href":"https:\/\/www.adufpb.org.br\/site\/wp-json\/wp\/v2\/posts"}],"about":[{"href":"https:\/\/www.adufpb.org.br\/site\/wp-json\/wp\/v2\/types\/post"}],"author":[{"embeddable":true,"href":"https:\/\/www.adufpb.org.br\/site\/wp-json\/wp\/v2\/users\/3"}],"replies":[{"embeddable":true,"href":"https:\/\/www.adufpb.org.br\/site\/wp-json\/wp\/v2\/comments?post=1671"}],"version-history":[{"count":0,"href":"https:\/\/www.adufpb.org.br\/site\/wp-json\/wp\/v2\/posts\/1671\/revisions"}],"wp:attachment":[{"href":"https:\/\/www.adufpb.org.br\/site\/wp-json\/wp\/v2\/media?parent=1671"}],"wp:term":[{"taxonomy":"category","embeddable":true,"href":"https:\/\/www.adufpb.org.br\/site\/wp-json\/wp\/v2\/categories?post=1671"},{"taxonomy":"post_tag","embeddable":true,"href":"https:\/\/www.adufpb.org.br\/site\/wp-json\/wp\/v2\/tags?post=1671"}],"curies":[{"name":"wp","href":"https:\/\/api.w.org\/{rel}","templated":true}]}}