{"id":16707,"date":"2017-07-11T11:48:39","date_gmt":"2017-07-11T14:48:39","guid":{"rendered":"http:\/\/www.adufpb.org.br\/site\/?p=16707"},"modified":"2017-07-13T10:58:08","modified_gmt":"2017-07-13T13:58:08","slug":"adufpb-prorroga-para-21-de-julho-o-prazo-de-inscricao-no-6o-concurso-de-fotografia","status":"publish","type":"post","link":"https:\/\/www.adufpb.org.br\/site\/adufpb-prorroga-para-21-de-julho-o-prazo-de-inscricao-no-6o-concurso-de-fotografia\/","title":{"rendered":"ADUFPB prorroga para 21 de julho o prazo de inscri\u00e7\u00e3o no 6\u00ba Concurso de Fotografia"},"content":{"rendered":"<p>Os professores sindicalizados v\u00e3o poder aproveitar os dias finais do recesso acad\u00eamica para participar da 6\u00aa edi\u00e7\u00e3o do Concurso Cultural de Fotografia promovido pela ADUFPB. As inscri\u00e7\u00f5es se encerrariam no dia 30 de junho, mas foram prorrogadas para 21 de julho. Interessados podem ser inscrever no site www.adufpb.org.br.<\/p>\n<p>Este ano, a Comiss\u00e3o Editorial do concurso decidiu deixar o tema LIVRE, possibilitando aos candidatos uma infinidade de inspira\u00e7\u00f5es fotogr\u00e1ficas e instigando a criatividade dos professores. As imagens digitais podem ser produzidas por qualquer tipo de equipamento fotogr\u00e1fico, seja amador, seja profissional, e at\u00e9 mesmo por dispositivos m\u00f3veis, como celulares.\u00a0O concurso \u00e9 aberto exclusivamente para os professores filiados ao sindicato.<\/p>\n<p>Como vem acontecendo todos os anos, o objetivo \u00e9 estimular a produ\u00e7\u00e3o cultural dos docentes da UFPB e divulgar os trabalhos na agenda anual distribu\u00edda gratuitamente aos filiados. Al\u00e9m de ter fotos publicadas na agenda, os autores das tr\u00eas melhores imagens inscritas podem ganhar pr\u00eamios. Este ano, eles ganhar\u00e3o um leitor de livros digitais (e-reader), modelo Kindle (<i>Kindle Paperwhite<\/i>), considerado um dos melhores do mercado.<\/p>\n<p>\u201cA ideia de premiar os autores das tr\u00eas fotos escolhidas por uma Comiss\u00e3o Julgadora, sem distin\u00e7\u00e3o de pr\u00eamios por coloca\u00e7\u00f5es, busca valorizar o talento dos docentes pela arte fotogr\u00e1fica, independente se a foto foi a primeira, segunda ou terceira melhor do certame\u201d, observou o professor Carlos Cartaxo, diretor de Comunica\u00e7\u00e3o e Divulga\u00e7\u00e3o da ADUFPB, destacando ainda que este ano \u201ca imagem da capa da Agenda 2018 ser\u00e1 escolhida pelos pr\u00f3prios docentes entre as tr\u00eas imagens selecionadas pela Comiss\u00e3o Julgadora atrav\u00e9s de vota\u00e7\u00e3o p\u00fablica no site da ADUFPB\u201d.<\/p>\n<p>Para participar, basta ler o regulamento oficial dispon\u00edvel no site do sindicato (<a href=\"http:\/\/www.adufpb.org.br\/\" target=\"_blank\">www.adufpb.org.br<\/a>\u00a0), preencher o formul\u00e1rio de inscri\u00e7\u00e3o e anexar at\u00e9 tr\u00eas imagens para concorrer aos pr\u00eamios.<\/p>\n<p>O\u00a0Concurso\u00a0Cultural de\u00a0Fotografia\u00a0\u00a0ADUFPB\u00a0\u00e9 aberto apenas aos professores filiados \u00e0 ADUFPB\u00a0nos Campi de Jo\u00e3o Pessoa (Campus I, com CTDR \u2013 Mangabeira, e CCJ \u2013 Santa Rita), Areia (Campus II), Bananeiras (Campus III) e Litoral Norte (Campus IV \u2013 Rio Tinto e Mamanguape).<\/p>\n<p><em>Fonte: Ascom ADUFPB<\/em><\/p>\n","protected":false},"excerpt":{"rendered":"<p>Os professores sindicalizados v\u00e3o poder aproveitar os dias finais do recesso acad\u00eamica para participar da 6\u00aa edi\u00e7\u00e3o do Concurso Cultural de Fotografia promovido pela ADUFPB. As inscri\u00e7\u00f5es se encerrariam no dia 30 de junho, mas foram prorrogadas para 21 de julho. Interessados podem ser inscrever no site www.adufpb.org.br. Este ano, a Comiss\u00e3o Editorial do concurso&hellip;<\/p>\n","protected":false},"author":3,"featured_media":16708,"comment_status":"closed","ping_status":"closed","sticky":false,"template":"","format":"standard","meta":{"footnotes":""},"categories":[15,417],"tags":[976,276,251,237],"class_list":["post-16707","post","type-post","status-publish","format-standard","has-post-thumbnail","hentry","category-noticias","category-noticias-destaque","tag-6o-concurso-de-fotografia","tag-agenda-adufpb","tag-concurso-de-fotografia","tag-concurso-fotografico","category-15","category-417","description-off"],"_links":{"self":[{"href":"https:\/\/www.adufpb.org.br\/site\/wp-json\/wp\/v2\/posts\/16707","targetHints":{"allow":["GET"]}}],"collection":[{"href":"https:\/\/www.adufpb.org.br\/site\/wp-json\/wp\/v2\/posts"}],"about":[{"href":"https:\/\/www.adufpb.org.br\/site\/wp-json\/wp\/v2\/types\/post"}],"author":[{"embeddable":true,"href":"https:\/\/www.adufpb.org.br\/site\/wp-json\/wp\/v2\/users\/3"}],"replies":[{"embeddable":true,"href":"https:\/\/www.adufpb.org.br\/site\/wp-json\/wp\/v2\/comments?post=16707"}],"version-history":[{"count":1,"href":"https:\/\/www.adufpb.org.br\/site\/wp-json\/wp\/v2\/posts\/16707\/revisions"}],"predecessor-version":[{"id":16709,"href":"https:\/\/www.adufpb.org.br\/site\/wp-json\/wp\/v2\/posts\/16707\/revisions\/16709"}],"wp:featuredmedia":[{"embeddable":true,"href":"https:\/\/www.adufpb.org.br\/site\/wp-json\/wp\/v2\/media\/16708"}],"wp:attachment":[{"href":"https:\/\/www.adufpb.org.br\/site\/wp-json\/wp\/v2\/media?parent=16707"}],"wp:term":[{"taxonomy":"category","embeddable":true,"href":"https:\/\/www.adufpb.org.br\/site\/wp-json\/wp\/v2\/categories?post=16707"},{"taxonomy":"post_tag","embeddable":true,"href":"https:\/\/www.adufpb.org.br\/site\/wp-json\/wp\/v2\/tags?post=16707"}],"curies":[{"name":"wp","href":"https:\/\/api.w.org\/{rel}","templated":true}]}}