{"id":16670,"date":"2017-06-28T11:45:40","date_gmt":"2017-06-28T14:45:40","guid":{"rendered":"http:\/\/www.adufpb.org.br\/site\/?p=16670"},"modified":"2017-06-28T11:45:40","modified_gmt":"2017-06-28T14:45:40","slug":"centrais-sindicais-reafirmam-greve-geral-para-30-de-junho","status":"publish","type":"post","link":"https:\/\/www.adufpb.org.br\/site\/centrais-sindicais-reafirmam-greve-geral-para-30-de-junho\/","title":{"rendered":"Centrais Sindicais reafirmam Greve Geral para 30 de junho"},"content":{"rendered":"<div id=\"conteudo\">\n<p>Em reuni\u00e3o realizada na sexta-feira (23), as centrais sindicais confirmaram o dia 30 de junho como uma data unit\u00e1ria para realiza\u00e7\u00e3o de uma nova Greve Geral, com o objetivo de parar o Brasil, barrar as contrarreformas da Previd\u00eancia e Trabalhista, contra as terceiriza\u00e7\u00f5es e pelo Fora Temer.<\/p>\n<p>Para a CSP-Conlutas, a decis\u00e3o \u00e9 muito importante, pois fortalece o processo de mobiliza\u00e7\u00e3o existente nas bases de v\u00e1rias categorias de todo o pa\u00eds, que aprovaram nas \u00faltimas semanas a ades\u00e3o \u00e0 Greve Geral.<\/p>\n<p>Durante a reuni\u00e3o, representantes de v\u00e1rias centrais deram informes sobre o clima nas categorias e avaliaram a situa\u00e7\u00e3o pol\u00edtica no pa\u00eds. Em nome da CSP-Conlutas, o membro da Secretaria Executiva Nacional da central, Luiz Carlos Prates, o Mancha, foi contundente em defender a manuten\u00e7\u00e3o da Greve Geral no dia 30. Tamb\u00e9m estiveram presentes na reuni\u00e3o outros membros da Secretaria, como Atn\u00e1goras Lopes, Mauro Puerro e Gibran Jord\u00e3o.<\/p>\n<p>\u201cA crise do governo \u00e9 cada vez maior. Temer est\u00e1 prestes a ser denunciado e tivemos uma vit\u00f3ria no Senado, com a vota\u00e7\u00e3o na CAS, que d\u00e1 ainda mais \u00e2nimo e disposi\u00e7\u00e3o aos trabalhadores. \u00c9 nossa obriga\u00e7\u00e3o reafirmar a Greve Geral no dia 30, acabar com qualquer confus\u00e3o no movimento, e aproveitar essa conjuntura favor\u00e1vel aos trabalhadores para derrotar Temer e suas reformas\u201d, disse Mancha.<\/p>\n<p>A reuni\u00e3o aprovou uma nota unit\u00e1ria das centrais e definiu ainda que entre os dias 27 e 29 continuar\u00e3o sendo realizadas mobiliza\u00e7\u00f5es, como press\u00e3o junto aos senadores, atos nos aeroportos e protesto no dia da vota\u00e7\u00e3o do relat\u00f3rio da contrarreforma Trabalhista na Comiss\u00e3o de Constitui\u00e7\u00e3o e Justi\u00e7a (CCJ), prevista para quarta-feira (28).<\/p>\n<p>Uma nova reuni\u00e3o das Centrais, para avalia\u00e7\u00e3o da Greve Geral do dia 30, ficou pr\u00e9-agendada para o dia 5 ou 6 de julho.<\/p>\n<p><strong>ANDES-SN reafirma necessidade de Greve Geral<\/strong><br \/>\nEm nota divulgada tamb\u00e9m na \u00faltima sexta-feira, a diretoria do ANDES-SN reafirmou a necessidade de realiza\u00e7\u00e3o da Greve Geral de 30 de junho. A nota critica a possibilidade de recuo de algumas centrais sindicais \u2013 que cogitam n\u00e3o participar do movimento \u2013 e ressalta que a diretoria do ANDES-SN acredita que a Greve Geral \u00e9 fundamental para impedir a aprova\u00e7\u00e3o das contrarreformas Trabalhista e da Previd\u00eancia, de revogar a Lei de Terceiriza\u00e7\u00f5es e de derrubar o presidente Michel Temer do poder.<\/p>\n<p>A nota da diretoria do ANDES-SN avalia o crescimento da mobiliza\u00e7\u00e3o social desde 2016 e tamb\u00e9m avalia a impossibilidade, por conta da falta de acordo entre as centrais, da realiza\u00e7\u00e3o de uma Greve Geral de 48h, como ANDES-SN e CSP-Conlutas defenderam nos \u00faltimos meses.<\/p>\n<p>\u201cConclamamos toda a categoria docente a fazer o m\u00e1ximo esfor\u00e7o para construir a greve geral do dia 30 e pressionar, a partir das bases, por meio da convoca\u00e7\u00e3o de grandes plen\u00e1rias de organiza\u00e7\u00e3o da greve geral, junto \u00e0s demais categorias nos estados e munic\u00edpios\u201d, conclui a diretoria do ANDES-SN.\u00a0<a href=\"http:\/\/www.andes.org.br\/andes\/print-ultimas-noticias.andes?id=8887\" target=\"_blank\"><strong>\u2013 Leia aqui a \u00edntegra do Documento.<\/strong><\/a><\/p>\n<p><strong>Confira a nota unificada das centrais:<\/strong><br \/>\n<strong><br \/>\nNOTA DAS CENTRAIS SINDICAIS<\/strong><br \/>\n23 de junho de 2017, S\u00e3o Paulo, SP<br \/>\nDIA 30 DE JUNHO \u2013 VAMOS PARAR O BRASIL CONTRA A REFORMA TRABALHISTA, EM DEFESA DOS DIREITOS E DA APOSENTADORIA<\/p>\n<p>As Centrais Sindicais t\u00eam acompanhado cotidianamente os desdobramentos da crise econ\u00f4mica, pol\u00edtica e social, bem como a mais ampla e profunda tentativa de retirada dos direitos dos trabalhadores, atrav\u00e9s da tramita\u00e7\u00e3o das Reformas Trabalhista e da Previd\u00eancia no Congresso Nacional.<\/p>\n<p>A a\u00e7\u00e3o unit\u00e1ria das Centrais Sindicais tem resultado em uma grande mobiliza\u00e7\u00e3o em todos os cantos do pa\u00eds, como vimos nos dias 08 de mar\u00e7o, 15 de mar\u00e7o, na Greve Geral de 28 de abril e no Ocupa Bras\u00edlia em 24 de maio. Como resultado do amplo debate com a sociedade e das mobiliza\u00e7\u00f5es, conseguimos frear a tramita\u00e7\u00e3o da Reforma da Previd\u00eancia e tivemos uma primeira vit\u00f3ria na Reforma trabalhista, com a reprova\u00e7\u00e3o na CAS (Comiss\u00e3o de Assuntos Sociais do Senado).<\/p>\n<p>Mas ainda n\u00e3o enterramos essas duas reformas, e por esse motivo, continuamos em luta.<\/p>\n<p>Nesse contexto, as Centrais Sindicais reunidas no dia de hoje conclamam todas as entidades de trabalhadores a construir o dia 30 de junho de 2017 e o seguinte calend\u00e1rio de luta:<\/p>\n<p>27 de junho: audi\u00eancia dos Presidentes das Centrais Sindicais no Senado;<\/p>\n<p>27 a 29 de junho: atividades nos aeroportos, nas bases dos senadores e no senado federal;<\/p>\n<p>30 de junho: Vamos parar o Brasil contra a reforma trabalhista, em defesa dos direitos e da aposentadoria.<\/p>\n<p>No dia da Vota\u00e7\u00e3o da Reforma Trabalhista no Senado: mobiliza\u00e7\u00e3o em Bras\u00edlia<\/p>\n<p>Estamos certos de que a unidade de a\u00e7\u00e3o \u00e9 crucial na luta sindical sobretudo em momentos conturbados como o que atravessamos.<\/p>\n<p>CGTB \u2013 Central Geral dos Trabalhadores do Brasil<br \/>\nCSB \u2013 Central dos Sindicatos Brasileiros<br \/>\nCSP Conlutas \u2013 Central Sindical e Popular<br \/>\nCTB \u2013 Central dos Trabalhadores e das Trabalhadoras do Brasil<br \/>\nCUT \u2013 Central \u00danica dos Trabalhares<br \/>\nFor\u00e7a Sindical<br \/>\nIntersindical \u2013 Central da Classe Trabalhadora<br \/>\nNCST \u2013 Nova Central Sindical de Trabalhadores<br \/>\nUGT \u2013 Uni\u00e3o Geral dos Trabalhadores<\/p>\n<p><em>*Com edi\u00e7\u00e3o do ANDES-SN<\/em><\/p>\n<p><em>Fonte:\u00a0CSP-Conlutas<\/em><\/p>\n<\/div>\n","protected":false},"excerpt":{"rendered":"<p>Em reuni\u00e3o realizada na sexta-feira (23), as centrais sindicais confirmaram o dia 30 de junho como uma data unit\u00e1ria para realiza\u00e7\u00e3o de uma nova Greve Geral, com o objetivo de parar o Brasil, barrar as contrarreformas da Previd\u00eancia e Trabalhista, contra as terceiriza\u00e7\u00f5es e pelo Fora Temer. Para a CSP-Conlutas, a decis\u00e3o \u00e9 muito importante,&hellip;<\/p>\n","protected":false},"author":3,"featured_media":0,"comment_status":"closed","ping_status":"closed","sticky":false,"template":"","format":"standard","meta":{"footnotes":""},"categories":[15],"tags":[993,819,199,294,839],"class_list":["post-16670","post","type-post","status-publish","format-standard","hentry","category-noticias","tag-30-de-junho","tag-greve-geral","tag-previdencia","tag-reforma-da-previdencia","tag-reforma-trabalhista","category-15","description-off"],"_links":{"self":[{"href":"https:\/\/www.adufpb.org.br\/site\/wp-json\/wp\/v2\/posts\/16670","targetHints":{"allow":["GET"]}}],"collection":[{"href":"https:\/\/www.adufpb.org.br\/site\/wp-json\/wp\/v2\/posts"}],"about":[{"href":"https:\/\/www.adufpb.org.br\/site\/wp-json\/wp\/v2\/types\/post"}],"author":[{"embeddable":true,"href":"https:\/\/www.adufpb.org.br\/site\/wp-json\/wp\/v2\/users\/3"}],"replies":[{"embeddable":true,"href":"https:\/\/www.adufpb.org.br\/site\/wp-json\/wp\/v2\/comments?post=16670"}],"version-history":[{"count":1,"href":"https:\/\/www.adufpb.org.br\/site\/wp-json\/wp\/v2\/posts\/16670\/revisions"}],"predecessor-version":[{"id":16671,"href":"https:\/\/www.adufpb.org.br\/site\/wp-json\/wp\/v2\/posts\/16670\/revisions\/16671"}],"wp:attachment":[{"href":"https:\/\/www.adufpb.org.br\/site\/wp-json\/wp\/v2\/media?parent=16670"}],"wp:term":[{"taxonomy":"category","embeddable":true,"href":"https:\/\/www.adufpb.org.br\/site\/wp-json\/wp\/v2\/categories?post=16670"},{"taxonomy":"post_tag","embeddable":true,"href":"https:\/\/www.adufpb.org.br\/site\/wp-json\/wp\/v2\/tags?post=16670"}],"curies":[{"name":"wp","href":"https:\/\/api.w.org\/{rel}","templated":true}]}}