{"id":16633,"date":"2017-06-27T09:45:19","date_gmt":"2017-06-27T12:45:19","guid":{"rendered":"http:\/\/www.adufpb.org.br\/site\/?p=16633"},"modified":"2017-06-27T09:45:19","modified_gmt":"2017-06-27T12:45:19","slug":"adufpb-veicula-na-tv-nota-oficial-sobre-cortes-nos-contracheques-de-723-aposentados","status":"publish","type":"post","link":"https:\/\/www.adufpb.org.br\/site\/adufpb-veicula-na-tv-nota-oficial-sobre-cortes-nos-contracheques-de-723-aposentados\/","title":{"rendered":"ADUFPB veicula na TV nota oficial sobre cortes nos contracheques de 723 aposentados"},"content":{"rendered":"<p dir=\"ltr\">A ADUFPB exibiu nesta segunda-feira (26) e ter\u00e7a-feira (27), na TV Cabo Branco, uma nota oficial cobrando mais uma vez da reitoria da UFPB um posicionamento a respeito dos cortes que 723 professores aposentados v\u00eam sofrendo nos seus contracheques desde 2013. Na segunda, o texto foi lido no intervalo do programa Bom Dia Brasil, que \u00e9 veiculado das 7h30 \u00e0s 9h. E, na ter\u00e7a-feira, outra exibi\u00e7\u00e3o ocorreu no hor\u00e1rio do notici\u00e1rio Bom Dia Para\u00edba, das 6h \u00e0s 7h30.<\/p>\n<p dir=\"ltr\">O texto da nota oficial foi proposto pelo Grupo de Trabalho de Seguridade Social e Aposentadoria (GTSSA) da ADUFPB e sua veicula\u00e7\u00e3o aprovada em Assembleia dos docentes realizada na UFPB.<\/p>\n<p dir=\"ltr\">O documento explica que 723 professores aposentados v\u00eam sendo prejudicados desde 2013 em decorr\u00eancia da aplica\u00e7\u00e3o, pela administra\u00e7\u00e3o da universidade, de uma nota t\u00e9cnica do Minist\u00e9rio do Planejamento que altera a forma de pagamento da vantagem assegurada pelo artigo 192 da Lei 8.112\/90 (Regime Jur\u00eddico \u00danico) aos professores que se aposentaram antes de 1996. Essa nota tem car\u00e1ter meramente administrativo e contraria o preceito da irredutibilidade dos sal\u00e1rios previsto no artigo 7\u00ba da Constitui\u00e7\u00e3o Federal.<\/p>\n<p><em>Fonte: Ascom ADUFPB<\/em><\/p>\n","protected":false},"excerpt":{"rendered":"<p>A ADUFPB exibiu nesta segunda-feira (26) e ter\u00e7a-feira (27), na TV Cabo Branco, uma nota oficial cobrando mais uma vez da reitoria da UFPB um posicionamento a respeito dos cortes que 723 professores aposentados v\u00eam sofrendo nos seus contracheques desde 2013. Na segunda, o texto foi lido no intervalo do programa Bom Dia Brasil, que&hellip;<\/p>\n","protected":false},"author":3,"featured_media":0,"comment_status":"closed","ping_status":"closed","sticky":false,"template":"","format":"standard","meta":{"footnotes":""},"categories":[15],"tags":[64,467],"class_list":["post-16633","post","type-post","status-publish","format-standard","hentry","category-noticias","tag-artigo-192","tag-assuntos-juridicos","category-15","description-off"],"_links":{"self":[{"href":"https:\/\/www.adufpb.org.br\/site\/wp-json\/wp\/v2\/posts\/16633","targetHints":{"allow":["GET"]}}],"collection":[{"href":"https:\/\/www.adufpb.org.br\/site\/wp-json\/wp\/v2\/posts"}],"about":[{"href":"https:\/\/www.adufpb.org.br\/site\/wp-json\/wp\/v2\/types\/post"}],"author":[{"embeddable":true,"href":"https:\/\/www.adufpb.org.br\/site\/wp-json\/wp\/v2\/users\/3"}],"replies":[{"embeddable":true,"href":"https:\/\/www.adufpb.org.br\/site\/wp-json\/wp\/v2\/comments?post=16633"}],"version-history":[{"count":1,"href":"https:\/\/www.adufpb.org.br\/site\/wp-json\/wp\/v2\/posts\/16633\/revisions"}],"predecessor-version":[{"id":16634,"href":"https:\/\/www.adufpb.org.br\/site\/wp-json\/wp\/v2\/posts\/16633\/revisions\/16634"}],"wp:attachment":[{"href":"https:\/\/www.adufpb.org.br\/site\/wp-json\/wp\/v2\/media?parent=16633"}],"wp:term":[{"taxonomy":"category","embeddable":true,"href":"https:\/\/www.adufpb.org.br\/site\/wp-json\/wp\/v2\/categories?post=16633"},{"taxonomy":"post_tag","embeddable":true,"href":"https:\/\/www.adufpb.org.br\/site\/wp-json\/wp\/v2\/tags?post=16633"}],"curies":[{"name":"wp","href":"https:\/\/api.w.org\/{rel}","templated":true}]}}