{"id":16588,"date":"2017-06-14T10:57:14","date_gmt":"2017-06-14T13:57:14","guid":{"rendered":"http:\/\/www.adufpb.org.br\/site\/?p=16588"},"modified":"2017-06-19T10:57:34","modified_gmt":"2017-06-19T13:57:34","slug":"abertas-inscricoes-de-artigos-para-a-25a-edicao-da-revista-conceitos","status":"publish","type":"post","link":"https:\/\/www.adufpb.org.br\/site\/abertas-inscricoes-de-artigos-para-a-25a-edicao-da-revista-conceitos\/","title":{"rendered":"Abertas inscri\u00e7\u00f5es de artigos para a 25\u00aa edi\u00e7\u00e3o da Revista Conceitos"},"content":{"rendered":"<p>Os professores filiados \u00e0 ADUFPB j\u00e1 podem inscrever artigos e ensaios para a 25\u00aa edi\u00e7\u00e3o da\u00a0Revista\u00a0Conceitos, publica\u00e7\u00e3o multidisciplinar semestral editada pelo Sindicato com o objetivo de divulgar a produ\u00e7\u00e3o acad\u00eamica dos docentes da Universidade Federal da Para\u00edba. Os trabalhos devem ser enviados at\u00e9 o dia 21 de julho, exclusivamente pelo site da ADUFPB, no formul\u00e1rio de\u00a0inscri\u00e7\u00e3o digital dispon\u00edvel\u00a0<a href=\"http:\/\/www.adufpb.org.br\/site\/revista-conceitos-submissao-de-artigo\/\" target=\"_blank\" data-saferedirecturl=\"https:\/\/www.google.com\/url?hl=en&amp;q=http:\/\/www.adufpb.org.br\/site\/revista-conceitos-submissao-de-artigo\/&amp;source=gmail&amp;ust=1497534820803000&amp;usg=AFQjCNHBfVa9Ea5EKOiyUUekI0ofQH1n_w\"><strong>aqui.<\/strong><\/a>\u00a0Ser\u00e3o aceitos exclusivamente trabalhos com no m\u00ednimo 10 e no m\u00e1ximo 15 laudas, incluindo resumo, palavras-chaves,\u00a0<i>abstract<\/i>, refer\u00eancias bibliogr\u00e1ficas, notas, ilustra\u00e7\u00f5es gr\u00e1ficas ou fotografias.<\/p>\n<p>A Conceitos \u00e9 publicada exclusivamente em formato digital no site da ADUFPB e, em breve, tamb\u00e9m estar\u00e1 dispon\u00edvel na plataforma de peri\u00f3dicos da UFPB. Os professores interessados devem ler atentamente as Normas para Publica\u00e7\u00e3o, dispon\u00edveis na mesma p\u00e1gina do formul\u00e1rio de inscri\u00e7\u00e3o. Alguns pontos foram reformulados segundo crit\u00e9rios adotados pela CAPES para avalia\u00e7\u00e3o do Qualis.<\/p>\n<p>Os artigos encaminhados \u00e0\u00a0Revista\u00a0Conceitos\u00a0ser\u00e3o avaliados, individualmente, por pareceristas\u00a0<i>ad-doc<\/i>, reconhecidos por not\u00f3rio saber acerca dos temas inscritos. Para esta tarefa, ser\u00e1 utilizado o sistema triplo cego e, com base nos pareceres obtidos, a Comiss\u00e3o Editorial emitir\u00e1 um dos seguintes\u00a0conceitos:\u00a0<i>Aprovado para publica\u00e7\u00e3o<\/i>;\u00a0<i>Aprovado com corre\u00e7\u00f5es<\/i>\u00a0e\u00a0<i>Rejeitado para publica\u00e7\u00e3o<\/i>.<\/p>\n<p>Para a 25\u00aa edi\u00e7\u00e3o da\u00a0revista\u00a0Conceitos, ser\u00e3o selecionados at\u00e9 10 artigos aprovados pelos pareceristas, seguindo a ordem cronol\u00f3gica de recebimento dos trabalhos pela data de inscri\u00e7\u00e3o. Caso haja necessidade de prorroga\u00e7\u00e3o do prazo, a Comiss\u00e3o Editorial informar\u00e1 aos docentes por e-mail e redes sociais.<\/p>\n<p>O lan\u00e7amento da revista est\u00e1 previsto para o m\u00eas de setembro deste ano. Mais detalhes podem ser obtidos pelos e-mails\u00a0<a href=\"mailto:revistaconceitos.adufpb@gmail.com\" target=\"_blank\">revistaconceitos.adufp<wbr \/>b@gmail.com<\/a>\u00a0ou\u00a0<a href=\"mailto:adufpb@terra.com.br\" target=\"_blank\">adufpb@terra.<wbr \/>com.br<\/a>.<\/p>\n<p><em>Fonte: Ascom ADUFPB<\/em><\/p>\n","protected":false},"excerpt":{"rendered":"<p>Os professores filiados \u00e0 ADUFPB j\u00e1 podem inscrever artigos e ensaios para a 25\u00aa edi\u00e7\u00e3o da\u00a0Revista\u00a0Conceitos, publica\u00e7\u00e3o multidisciplinar semestral editada pelo Sindicato com o objetivo de divulgar a produ\u00e7\u00e3o acad\u00eamica dos docentes da Universidade Federal da Para\u00edba. Os trabalhos devem ser enviados at\u00e9 o dia 21 de julho, exclusivamente pelo site da ADUFPB, no formul\u00e1rio&hellip;<\/p>\n","protected":false},"author":3,"featured_media":16488,"comment_status":"closed","ping_status":"closed","sticky":false,"template":"","format":"standard","meta":{"footnotes":""},"categories":[15,417],"tags":[815,62],"class_list":["post-16588","post","type-post","status-publish","format-standard","has-post-thumbnail","hentry","category-noticias","category-noticias-destaque","tag-conceitos","tag-revista-conceitos","category-15","category-417","description-off"],"_links":{"self":[{"href":"https:\/\/www.adufpb.org.br\/site\/wp-json\/wp\/v2\/posts\/16588","targetHints":{"allow":["GET"]}}],"collection":[{"href":"https:\/\/www.adufpb.org.br\/site\/wp-json\/wp\/v2\/posts"}],"about":[{"href":"https:\/\/www.adufpb.org.br\/site\/wp-json\/wp\/v2\/types\/post"}],"author":[{"embeddable":true,"href":"https:\/\/www.adufpb.org.br\/site\/wp-json\/wp\/v2\/users\/3"}],"replies":[{"embeddable":true,"href":"https:\/\/www.adufpb.org.br\/site\/wp-json\/wp\/v2\/comments?post=16588"}],"version-history":[{"count":1,"href":"https:\/\/www.adufpb.org.br\/site\/wp-json\/wp\/v2\/posts\/16588\/revisions"}],"predecessor-version":[{"id":16590,"href":"https:\/\/www.adufpb.org.br\/site\/wp-json\/wp\/v2\/posts\/16588\/revisions\/16590"}],"wp:featuredmedia":[{"embeddable":true,"href":"https:\/\/www.adufpb.org.br\/site\/wp-json\/wp\/v2\/media\/16488"}],"wp:attachment":[{"href":"https:\/\/www.adufpb.org.br\/site\/wp-json\/wp\/v2\/media?parent=16588"}],"wp:term":[{"taxonomy":"category","embeddable":true,"href":"https:\/\/www.adufpb.org.br\/site\/wp-json\/wp\/v2\/categories?post=16588"},{"taxonomy":"post_tag","embeddable":true,"href":"https:\/\/www.adufpb.org.br\/site\/wp-json\/wp\/v2\/tags?post=16588"}],"curies":[{"name":"wp","href":"https:\/\/api.w.org\/{rel}","templated":true}]}}