{"id":1655,"date":"2011-05-23T10:47:44","date_gmt":"2011-05-23T14:47:44","guid":{"rendered":"http:\/\/www.adufpb.org.br\/site\/diretores-do-andes-sn-debatem-com-reitores-o-projeto-de-carreira-do-professor-federal\/"},"modified":"2011-05-23T10:47:44","modified_gmt":"2011-05-23T14:47:44","slug":"diretores-do-andes-sn-debatem-com-reitores-o-projeto-de-carreira-do-professor-federal","status":"publish","type":"post","link":"https:\/\/www.adufpb.org.br\/site\/diretores-do-andes-sn-debatem-com-reitores-o-projeto-de-carreira-do-professor-federal\/","title":{"rendered":"Diretores do ANDES-SN debatem com reitores o projeto de Carreira do Professor Federal"},"content":{"rendered":"<p><a href=\"http:\/\/www.adufpb.org.br\/site\/wp-content\/uploads\/2011\/05\/diretores-do-andes-se-reunem-com-reitores.jpg\"><img loading=\"lazy\" decoding=\"async\" src=\"http:\/\/www.adufpb.org.br\/site\/wp-content\/uploads\/2011\/05\/diretores-do-andes-se-reunem-com-reitores-300x197.jpg\" alt=\"diretores do andes se reunem com reitores\" title=\"diretores do andes se reunem com reitores\" width=\"300\" height=\"197\" class=\"alignleft size-medium wp-image-1654\" srcset=\"https:\/\/www.adufpb.org.br\/site\/wp-content\/uploads\/2011\/05\/diretores-do-andes-se-reunem-com-reitores-300x197.jpg 300w, https:\/\/www.adufpb.org.br\/site\/wp-content\/uploads\/2011\/05\/diretores-do-andes-se-reunem-com-reitores.jpg 800w\" sizes=\"auto, (max-width: 300px) 100vw, 300px\" \/><\/a>A Associa\u00e7\u00e3o dos Dirigentes das Institui\u00e7\u00f5es Federais de Ensino Superior (Andifes) poder\u00e1 somar esfor\u00e7os com o ANDES-SN para assegurar uma carreira que valorize o professor e ajude na constru\u00e7\u00e3o da universidade p\u00fablica. O projeto de Carreira do Professor Federal do Sindicato Nacional docente entrou na pauta, recebeu alguns questionamentos pontuais e obteve manifesta\u00e7\u00f5es p\u00fablicas de apoio de reitores que participavam da Reuni\u00e3o Anual da Andifes, no dia 19\/5, em Florian\u00f3polis, quando o projeto foi apresentado \u00e0 plen\u00e1ria pela presidente do ANDES-SN, Marina Barbosa Pinto, e pelo 1\u00ba vice-presidente, Luiz Henrique Schuch.<\/p>\n<p>Os diretores do ANDES-SN demonstraram que o projeto de Carreira da entidade foi constru\u00eddo a partir do debate feito pela base do movimento e aprovado durante 30\u00ba Congresso do ANDES-SN, realizado em Uberl\u00e2ndia (MG), de 14 a 21\/2. Se baseia no PURCRCEe resguarda os direitos fundamentais previstoS na Constitui\u00e7\u00e3o de 1988, relacionados \u00e0 quest\u00e3o da autonomia universit\u00e1ria e a indissociabilidade entre ensino, pesquisa e extens\u00e3o.<\/p>\n<p>Marina e Schuch esclareceram tamb\u00e9m que o projeto se estrutura com base na carreira \u00fanica, simples e est\u00e1vel, composta de 13 n\u00edveis. O piso salarial gerador da tabela \u00e9 o sal\u00e1rio m\u00ednimo calculado pelo Dieese. O ingresso se d\u00e1 unicamente via concurso p\u00fablico, para cargo \u00fanico, dentro do Regime Jur\u00eddico \u00danicos dos servidores federais. O desenvolvimento na carreira valoriza de forma equilibrada a experi\u00eancia acad\u00eamica e a titula\u00e7\u00e3o, sendo a Dedica\u00e7\u00e3o Exclusiva o regime preferencial de trabalho.<\/p>\n<p>Ap\u00f3s responderem diversas perguntas, os diretores encerraram sua participa\u00e7\u00e3o no Encontro da Andifes ressaltando que h\u00e1 claros sinais de que o governo se encontra constrangido com o vis\u00edvel tratamento discriminat\u00f3rio destinado aos professores federais. \u201cO risco que corremos \u00e9 que a reestrutura\u00e7\u00e3o da carreira sirva para que o governo nos retire ainda mais direitos\u201d, alertou a presidente do ANDES-SN. Luiz Henrique Schuch conclui que o desafio, agora, mobilizar as institui\u00e7\u00f5es de ensino superior e ampliar as alian\u00e7as pol\u00edticas para pressionar o governo a estabelecer, de fato, um processo de negocia\u00e7\u00e3o.<\/p>\n<p><em>Fonte: ANDES-SN<\/em><\/p>\n","protected":false},"excerpt":{"rendered":"<p>A Associa\u00e7\u00e3o dos Dirigentes das Institui\u00e7\u00f5es Federais de Ensino Superior (Andifes) poder\u00e1 somar esfor\u00e7os com o ANDES-SN para assegurar uma carreira que valorize o professor e ajude na constru\u00e7\u00e3o da universidade p\u00fablica. O projeto de Carreira do Professor Federal do Sindicato Nacional docente entrou na pauta, recebeu alguns questionamentos pontuais e obteve manifesta\u00e7\u00f5es p\u00fablicas de&hellip;<\/p>\n","protected":false},"author":3,"featured_media":0,"comment_status":"open","ping_status":"open","sticky":false,"template":"","format":"standard","meta":{"footnotes":""},"categories":[15],"tags":[92,166,25],"class_list":["post-1655","post","type-post","status-publish","format-standard","hentry","category-noticias","tag-andes","tag-andifes","tag-carreira-docente","category-15","description-off"],"_links":{"self":[{"href":"https:\/\/www.adufpb.org.br\/site\/wp-json\/wp\/v2\/posts\/1655","targetHints":{"allow":["GET"]}}],"collection":[{"href":"https:\/\/www.adufpb.org.br\/site\/wp-json\/wp\/v2\/posts"}],"about":[{"href":"https:\/\/www.adufpb.org.br\/site\/wp-json\/wp\/v2\/types\/post"}],"author":[{"embeddable":true,"href":"https:\/\/www.adufpb.org.br\/site\/wp-json\/wp\/v2\/users\/3"}],"replies":[{"embeddable":true,"href":"https:\/\/www.adufpb.org.br\/site\/wp-json\/wp\/v2\/comments?post=1655"}],"version-history":[{"count":0,"href":"https:\/\/www.adufpb.org.br\/site\/wp-json\/wp\/v2\/posts\/1655\/revisions"}],"wp:attachment":[{"href":"https:\/\/www.adufpb.org.br\/site\/wp-json\/wp\/v2\/media?parent=1655"}],"wp:term":[{"taxonomy":"category","embeddable":true,"href":"https:\/\/www.adufpb.org.br\/site\/wp-json\/wp\/v2\/categories?post=1655"},{"taxonomy":"post_tag","embeddable":true,"href":"https:\/\/www.adufpb.org.br\/site\/wp-json\/wp\/v2\/tags?post=1655"}],"curies":[{"name":"wp","href":"https:\/\/api.w.org\/{rel}","templated":true}]}}