{"id":16530,"date":"2017-06-08T11:01:29","date_gmt":"2017-06-08T14:01:29","guid":{"rendered":"http:\/\/www.adufpb.org.br\/site\/?p=16530"},"modified":"2017-06-08T11:08:11","modified_gmt":"2017-06-08T14:08:11","slug":"toninho-ferragutti-e-quinteto-da-paraiba-fazem-ensaio-aberto-na-adufpb","status":"publish","type":"post","link":"https:\/\/www.adufpb.org.br\/site\/toninho-ferragutti-e-quinteto-da-paraiba-fazem-ensaio-aberto-na-adufpb\/","title":{"rendered":"Toninho Ferragutti e Quinteto da Para\u00edba fazem ensaio aberto na ADUFPB"},"content":{"rendered":"<div data-block=\"true\" data-editor=\"6ims0\" data-offset-key=\"diecm-0-0\">\n<div data-offset-key=\"diecm-0-0\">O Terra\u00e7o Cultural Silvio Frank Allem, localizado na sede da ADUFPB, no Centro de Viv\u00eancia do campus I, em Jo\u00e3o Pessoa, ser\u00e1 palco nesta quinta-feira (8\/6) de ensaio aberto com o m\u00fasico Toninho Ferragutti e o Quinteto da Para\u00edba. O ensaio come\u00e7a \u00e0s 16h e \u00e9 aberto ao p\u00fablico.<\/div>\n<\/div>\n<div data-block=\"true\" data-editor=\"6ims0\" data-offset-key=\"dftag-0-0\">\n<div data-offset-key=\"dftag-0-0\"><\/div>\n<\/div>\n<div data-block=\"true\" data-editor=\"6ims0\" data-offset-key=\"1nb35-0-0\">\n<div data-offset-key=\"1nb35-0-0\">Ferragutti e o Quinteto se apresentam tamb\u00e9m no s\u00e1bado, dia 19 de junho, na sala de concertos Maestro Jos\u00e9 Siqueira, no Espa\u00e7o Cultural. O evento est\u00e1 marcado para come\u00e7ar \u00e0s 21h e os ingressos est\u00e3o dispon\u00edveis no Popotamus Buffet e nas lojas Furtacor.<\/div>\n<\/div>\n<p><a href=\"http:\/\/www.adufpb.org.br\/site\/wp-content\/uploads\/2017\/06\/ensaio-aberto-na-adufpb.jpg\"><img loading=\"lazy\" decoding=\"async\" class=\"aligncenter size-full wp-image-16531\" alt=\"ensaio aberto na adufpb\" src=\"http:\/\/www.adufpb.org.br\/site\/wp-content\/uploads\/2017\/06\/ensaio-aberto-na-adufpb.jpg\" width=\"567\" height=\"803\" srcset=\"https:\/\/www.adufpb.org.br\/site\/wp-content\/uploads\/2017\/06\/ensaio-aberto-na-adufpb.jpg 567w, https:\/\/www.adufpb.org.br\/site\/wp-content\/uploads\/2017\/06\/ensaio-aberto-na-adufpb-211x300.jpg 211w\" sizes=\"auto, (max-width: 567px) 100vw, 567px\" \/><\/a><\/p>\n<p><em>Fonte: Ascom ADUFPB<\/em><\/p>\n<p>&nbsp;<\/p>\n","protected":false},"excerpt":{"rendered":"<p>O Terra\u00e7o Cultural Silvio Frank Allem, localizado na sede da ADUFPB, no Centro de Viv\u00eancia do campus I, em Jo\u00e3o Pessoa, ser\u00e1 palco nesta quinta-feira (8\/6) de ensaio aberto com o m\u00fasico Toninho Ferragutti e o Quinteto da Para\u00edba. O ensaio come\u00e7a \u00e0s 16h e \u00e9 aberto ao p\u00fablico. Ferragutti e o Quinteto se apresentam&hellip;<\/p>\n","protected":false},"author":3,"featured_media":0,"comment_status":"closed","ping_status":"closed","sticky":false,"template":"","format":"standard","meta":{"footnotes":""},"categories":[15],"tags":[],"class_list":["post-16530","post","type-post","status-publish","format-standard","hentry","category-noticias","category-15","description-off"],"_links":{"self":[{"href":"https:\/\/www.adufpb.org.br\/site\/wp-json\/wp\/v2\/posts\/16530","targetHints":{"allow":["GET"]}}],"collection":[{"href":"https:\/\/www.adufpb.org.br\/site\/wp-json\/wp\/v2\/posts"}],"about":[{"href":"https:\/\/www.adufpb.org.br\/site\/wp-json\/wp\/v2\/types\/post"}],"author":[{"embeddable":true,"href":"https:\/\/www.adufpb.org.br\/site\/wp-json\/wp\/v2\/users\/3"}],"replies":[{"embeddable":true,"href":"https:\/\/www.adufpb.org.br\/site\/wp-json\/wp\/v2\/comments?post=16530"}],"version-history":[{"count":4,"href":"https:\/\/www.adufpb.org.br\/site\/wp-json\/wp\/v2\/posts\/16530\/revisions"}],"predecessor-version":[{"id":16533,"href":"https:\/\/www.adufpb.org.br\/site\/wp-json\/wp\/v2\/posts\/16530\/revisions\/16533"}],"wp:attachment":[{"href":"https:\/\/www.adufpb.org.br\/site\/wp-json\/wp\/v2\/media?parent=16530"}],"wp:term":[{"taxonomy":"category","embeddable":true,"href":"https:\/\/www.adufpb.org.br\/site\/wp-json\/wp\/v2\/categories?post=16530"},{"taxonomy":"post_tag","embeddable":true,"href":"https:\/\/www.adufpb.org.br\/site\/wp-json\/wp\/v2\/tags?post=16530"}],"curies":[{"name":"wp","href":"https:\/\/api.w.org\/{rel}","templated":true}]}}