{"id":16499,"date":"2017-05-31T11:26:32","date_gmt":"2017-05-31T14:26:32","guid":{"rendered":"http:\/\/www.adufpb.org.br\/site\/?p=16499"},"modified":"2017-06-02T11:14:00","modified_gmt":"2017-06-02T14:14:00","slug":"litoral-norte-promove-festa-de-sao-joao-na-proxima-sexta-feira-2","status":"publish","type":"post","link":"https:\/\/www.adufpb.org.br\/site\/litoral-norte-promove-festa-de-sao-joao-na-proxima-sexta-feira-2\/","title":{"rendered":"Litoral Norte promove festa de S\u00e3o Jo\u00e3o na pr\u00f3xima 6\u00aa feira; veja calend\u00e1rio de eventos de junho"},"content":{"rendered":"<p>A subsecretaria da ADUFPB no campus Litoral Norte promove na pr\u00f3xima sexta-feira (2\/6) uma festa para comemorar o per\u00edodo junino e promover um momento de lazer e confraterniza\u00e7\u00e3o entre os professores.<\/p>\n<p>O evento ocorrer\u00e1 no pr\u00e9dio da subsecretaria, localizado na cidade de Mamanguape, a partir das 20h, e contar\u00e1 com muita comida t\u00edpica e forr\u00f3, sob o comando de um trio p\u00e9 de serra e do Quarteto Nordestino.<\/p>\n<p>Al\u00e9m disso, est\u00e1 programada ainda o sorteio de v\u00e1rios brindes. Para participar, \u00e9 necess\u00e1rio que o filiado confirme presen\u00e7a pelos telefones 98835-8078 ou 99337-1267.<\/p>\n<p><strong>Mais festejos<\/strong><br \/>\nO S\u00e3o Jo\u00e3o ser\u00e1 comemorado com muita festa em todos os campi da UFPB. Al\u00e9m do Litoral Norte, as subsecretarias de Areia e Bananeiras tamb\u00e9m est\u00e3o organizando confraterniza\u00e7\u00f5es durante esse per\u00edodo. E, em Jo\u00e3o Pessoa, o tradicional S\u00e3o Jo\u00e3o da ADUFPB ser\u00e1 realizado na pr\u00f3xima semana.<\/p>\n<p>A festa ocorrer\u00e1 na pr\u00f3xima sexta-feira (9\/5), a partir das 18h, no mesmo local do ano passado: a Associa\u00e7\u00e3o do IFPB, no bairro do Bessa.<\/p>\n<p>O forr\u00f3 ficar\u00e1 por conta de um trio p\u00e9 de serra, que tocar\u00e1 das 19h \u00e0s 21h, e de J\u00fanior Limeira e Banda, a partir das 21h.<\/p>\n<p>Para confirmar presen\u00e7a, os professores devem assinar a lista de convidados na recep\u00e7\u00e3o da sede da ADUFPB do Centro de Viv\u00eancia no campus I. Cada docente tem direito a levar um acompanhante. O prazo para confirmar presen\u00e7a se encerra no dia 7 de junho.<\/p>\n<p><strong>Bananeiras<\/strong><br \/>\nNo campus de Bananeiras, a festa de S\u00e3o Jo\u00e3o ser\u00e1 realizada no dia 13 de junho, a partir das 8h. N\u00e3o \u00e9 necess\u00e1rio confirmar presen\u00e7a. Os professores ser\u00e3o recepcionados no pr\u00e9dio da subsecretaria com um grande caf\u00e9 da manh\u00e3 com muitas comidas t\u00edpicas e um churrasco. A m\u00fasica ficar\u00e1 por conta da banda Curi\u00f3, que tocar\u00e1 ritmos regionais e forr\u00f3 p\u00e9 de serra.<\/p>\n<p><strong>Areia<\/strong><br \/>\nOs festejos juninos da ADUFPB ser\u00e3o encerrados no dia 14 de junho, com uma grande festa na sede social da subsecretaria do campus de Areia. O &#8220;arrast\u00e1 p\u00e9&#8221; est\u00e1 marcado para come\u00e7ar \u00e0s 20h e contar\u00e1 com a anima\u00e7\u00e3o de um trio de forr\u00f3 p\u00e9 de serra. Al\u00e9m disso, os convidados ser\u00e3o recebidos com um delicioso buffet de comidas t\u00edpicas. N\u00e3o \u00e9 necess\u00e1rio confirmar presen\u00e7a.<\/p>\n<p><em>Fonte: Ascom ADUFPB<\/em><\/p>\n","protected":false},"excerpt":{"rendered":"<p>A subsecretaria da ADUFPB no campus Litoral Norte promove na pr\u00f3xima sexta-feira (2\/6) uma festa para comemorar o per\u00edodo junino e promover um momento de lazer e confraterniza\u00e7\u00e3o entre os professores. O evento ocorrer\u00e1 no pr\u00e9dio da subsecretaria, localizado na cidade de Mamanguape, a partir das 20h, e contar\u00e1 com muita comida t\u00edpica e forr\u00f3,&hellip;<\/p>\n","protected":false},"author":3,"featured_media":16501,"comment_status":"closed","ping_status":"closed","sticky":false,"template":"","format":"standard","meta":{"footnotes":""},"categories":[15,417],"tags":[281,162,161],"class_list":["post-16499","post","type-post","status-publish","format-standard","has-post-thumbnail","hentry","category-noticias","category-noticias-destaque","tag-confraternizacoes","tag-festas","tag-sao-joao","category-15","category-417","description-off"],"_links":{"self":[{"href":"https:\/\/www.adufpb.org.br\/site\/wp-json\/wp\/v2\/posts\/16499","targetHints":{"allow":["GET"]}}],"collection":[{"href":"https:\/\/www.adufpb.org.br\/site\/wp-json\/wp\/v2\/posts"}],"about":[{"href":"https:\/\/www.adufpb.org.br\/site\/wp-json\/wp\/v2\/types\/post"}],"author":[{"embeddable":true,"href":"https:\/\/www.adufpb.org.br\/site\/wp-json\/wp\/v2\/users\/3"}],"replies":[{"embeddable":true,"href":"https:\/\/www.adufpb.org.br\/site\/wp-json\/wp\/v2\/comments?post=16499"}],"version-history":[{"count":4,"href":"https:\/\/www.adufpb.org.br\/site\/wp-json\/wp\/v2\/posts\/16499\/revisions"}],"predecessor-version":[{"id":16506,"href":"https:\/\/www.adufpb.org.br\/site\/wp-json\/wp\/v2\/posts\/16499\/revisions\/16506"}],"wp:featuredmedia":[{"embeddable":true,"href":"https:\/\/www.adufpb.org.br\/site\/wp-json\/wp\/v2\/media\/16501"}],"wp:attachment":[{"href":"https:\/\/www.adufpb.org.br\/site\/wp-json\/wp\/v2\/media?parent=16499"}],"wp:term":[{"taxonomy":"category","embeddable":true,"href":"https:\/\/www.adufpb.org.br\/site\/wp-json\/wp\/v2\/categories?post=16499"},{"taxonomy":"post_tag","embeddable":true,"href":"https:\/\/www.adufpb.org.br\/site\/wp-json\/wp\/v2\/tags?post=16499"}],"curies":[{"name":"wp","href":"https:\/\/api.w.org\/{rel}","templated":true}]}}