{"id":1648,"date":"2011-05-23T09:06:56","date_gmt":"2011-05-23T13:06:56","guid":{"rendered":"http:\/\/www.adufpb.org.br\/site\/o-professor\/"},"modified":"2011-06-22T08:51:03","modified_gmt":"2011-06-22T12:51:03","slug":"o-professor","status":"publish","type":"post","link":"https:\/\/www.adufpb.org.br\/site\/o-professor\/","title":{"rendered":"O PROFESSOR"},"content":{"rendered":"<p><strong>Marcos barros<\/strong><br \/>\n<em>in Vislumbres<\/em><\/p>\n<p>J\u00e1 ouvi muitos versejos<br \/>\nQue falam do professor,<br \/>\nJ\u00e1 ouvi at\u00e9 solfejos<br \/>\nEntoados com muito amor.<\/p>\n<p>Vi cientistas, vi profetas<br \/>\nNos arrojos de toda hora,<br \/>\nVi professor e poeta<br \/>\nNa busca da mesma aurora.<\/p>\n<p>Educa\u00e7\u00e3o \u00e9 liberta\u00e7\u00e3o<br \/>\nAssim fala o professor.<br \/>\nSua hist\u00f3ria \u00e9 de a\u00e7\u00e3o.<br \/>\n\u00c9 feita com muito ardor.<\/p>\n<p>O professor pesquisador<br \/>\nGera arte, cultura e ci\u00eancia,<br \/>\nTodos o chamam de sonhador,<br \/>\nExercita sua pr\u00e1tica com veem\u00eancia.<\/p>\n<p>Os dias todos do ano<br \/>\nS\u00e3o dias do professor,<br \/>\nTrabalha como um decano,<br \/>\n\u00c9 forte e transformador.<\/p>\n<p>O professor contempor\u00e2neo<br \/>\n\u00c9 homem comprometido<br \/>\n\u00c9 homem extempor\u00e2neo<br \/>\nNa causa dos esquecidos<\/p>\n<p>A hist\u00f3ria vem mostrando<br \/>\nQue o professor do presente<br \/>\nVem levando, vem ensinando<br \/>\nA luta aos combatentes.<\/p>\n<p>Professor decente tem pudor,<br \/>\nTem honra e tem amor,<br \/>\nCompreende a luta desigual<br \/>\nDo povo trabalhador.<\/p>\n<p>A pr\u00e1tica do professor norteia<br \/>\nA pr\u00e1tica social global<br \/>\nUnindo a classe trabalhadora<br \/>\nNum premente vendaval.<\/p>\n<p>A pr\u00e1tica do professor ilumina<br \/>\nA classe trabalhadora<br \/>\nNa grande pr\u00e1xis que anima<br \/>\nAs lutas humanit\u00e1rias.<\/p>\n<p>Educar n\u00e3o \u00e9 acomodar<br \/>\nE muito menos \u201creproduzir\u201d,<br \/>\nEducar \u00e9 \u201ctransformar\u201d,<br \/>\nE fruto do interagir, do devir.<\/p>\n<p>Um dia disse-me<br \/>\nPaulo Freire, meu professor:<br \/>\n\u201cEnsinar exige criticidade\u201d.<br \/>\n\u00c9 navegar num oceano sem rancor.<\/p>\n","protected":false},"excerpt":{"rendered":"<p>Marcos barros in Vislumbres J\u00e1 ouvi muitos versejos Que falam do professor, J\u00e1 ouvi at\u00e9 solfejos Entoados com muito amor. Vi cientistas, vi profetas Nos arrojos de toda hora, Vi professor e poeta Na busca da mesma aurora. Educa\u00e7\u00e3o \u00e9 liberta\u00e7\u00e3o Assim fala o professor. Sua hist\u00f3ria \u00e9 de a\u00e7\u00e3o. \u00c9 feita com muito ardor.&hellip;<\/p>\n","protected":false},"author":3,"featured_media":0,"comment_status":"open","ping_status":"open","sticky":false,"template":"","format":"standard","meta":{"footnotes":""},"categories":[16],"tags":[],"class_list":["post-1648","post","type-post","status-publish","format-standard","hentry","category-artigos","category-16","description-off"],"_links":{"self":[{"href":"https:\/\/www.adufpb.org.br\/site\/wp-json\/wp\/v2\/posts\/1648","targetHints":{"allow":["GET"]}}],"collection":[{"href":"https:\/\/www.adufpb.org.br\/site\/wp-json\/wp\/v2\/posts"}],"about":[{"href":"https:\/\/www.adufpb.org.br\/site\/wp-json\/wp\/v2\/types\/post"}],"author":[{"embeddable":true,"href":"https:\/\/www.adufpb.org.br\/site\/wp-json\/wp\/v2\/users\/3"}],"replies":[{"embeddable":true,"href":"https:\/\/www.adufpb.org.br\/site\/wp-json\/wp\/v2\/comments?post=1648"}],"version-history":[{"count":3,"href":"https:\/\/www.adufpb.org.br\/site\/wp-json\/wp\/v2\/posts\/1648\/revisions"}],"predecessor-version":[{"id":1738,"href":"https:\/\/www.adufpb.org.br\/site\/wp-json\/wp\/v2\/posts\/1648\/revisions\/1738"}],"wp:attachment":[{"href":"https:\/\/www.adufpb.org.br\/site\/wp-json\/wp\/v2\/media?parent=1648"}],"wp:term":[{"taxonomy":"category","embeddable":true,"href":"https:\/\/www.adufpb.org.br\/site\/wp-json\/wp\/v2\/categories?post=1648"},{"taxonomy":"post_tag","embeddable":true,"href":"https:\/\/www.adufpb.org.br\/site\/wp-json\/wp\/v2\/tags?post=1648"}],"curies":[{"name":"wp","href":"https:\/\/api.w.org\/{rel}","templated":true}]}}