{"id":16244,"date":"2017-05-17T11:00:22","date_gmt":"2017-05-17T14:00:22","guid":{"rendered":"http:\/\/www.adufpb.org.br\/site\/?p=16244"},"modified":"2017-05-17T11:00:57","modified_gmt":"2017-05-17T14:00:57","slug":"ufpb-promove-evento-para-discutir-os-impactos-da-ditadura-militar","status":"publish","type":"post","link":"https:\/\/www.adufpb.org.br\/site\/ufpb-promove-evento-para-discutir-os-impactos-da-ditadura-militar\/","title":{"rendered":"UFPB promove evento para discutir os impactos da ditadura militar"},"content":{"rendered":"<div>\n<p>No per\u00edodo de 17 a 19 deste m\u00eas, o N\u00facleo de Cidadania e Direitos Humanos (NCDH) e o Programa de P\u00f3s-Gradua\u00e7\u00e3o em Direitos Humanos, Cidadania e Pol\u00edticas P\u00fablicas (PPGDH) da UFPB realizam o evento \u201cResistir ao esquecimento: Encontro com Jo\u00e3o Vicente Goulart\u201d. \u00a0O encontro objetiva promover reflex\u00f5es sobre os impactos da ditadura militar, a partir da experi\u00eancia da fam\u00edlia Goulart.<\/p>\n<p>Este evento se insere entre as atividades do Grupo Tem\u00e1tico do NCDH \u201cTeoria e Hist\u00f3ria dos Direitos Humanos e da Democracia\u201d, e da Linha de Pesquisa do Programa de P\u00f3s-Gradua\u00e7\u00e3o em Direitos Humanos (PPGDH) da Universidade Federal da Para\u00edba (UFPB) \u201cDireitos Humanos e Democracia: teoria, hist\u00f3ria e pol\u00edtica\u201d.<\/p>\n<p>A programa\u00e7\u00e3o come\u00e7a na quarta-feira (17), \u00e0s 19h, na Livraria Leitura do Manaira Shopping, com o lan\u00e7amento do Livro \u201cJango e Eu: Mem\u00f3rias de um ex\u00edlio sem volta\u201d, de autoria de Jo\u00e3o Vicente Goulart, presidente do Instituto Jo\u00e3o Goulart da Editora Civiliza\u00e7\u00f5es do Rio de Janeiro.<\/p>\n<p>Na oportunidade haver\u00e1 atividade de extens\u00e3o na quinta-feira (18), \u00e0s 10h, na Escola de Ensino M\u00e9dio Presidente Jo\u00e3o Goulart, no Castelo Branco, atividade de Extens\u00e3o do NCDH: \u201cRoda de conversas com professores, alunos e gestores sobre a ditadura militar e o ex\u00edlio do presidente Jo\u00e3o Goulart e fam\u00edlia\u201d.<\/p>\n<p>Ainda na quinta-feira (18), a partir das 19h, na Sala Lampi\u00e3o do Centro de Comunica\u00e7\u00e3o, Turismo e Artes (CCTA), Campus I, ocorrer\u00e1 a apresenta\u00e7\u00e3o da pe\u00e7a \u201cEu menina, n\u00f3s mulheres\u201d, mon\u00f3logo baseado em lembran\u00e7as da ditadura militar, abordando as pris\u00f5es e torturas e mortes de mulheres que resistiram ao regime autorit\u00e1rio.<\/p>\n<p>Na sexta-feira (19), \u00e0s 8h30, no audit\u00f3rio 412 do Centro de Ci\u00eancias Humanas, Letras e Artes (CCHLA), Campus I, haver\u00e1 o encerramento do evento com a Aula Magna do Programa de P\u00f3s-Gradua\u00e7\u00e3o em Direitos Humanos (PPGDH) com o tema: \u201cReflex\u00f5es sobre a ditadura militar e o ex\u00edlio da fam\u00edlia Goulart\u201d, proferida por Jo\u00e3o Vicente Goulart e coordena\u00e7\u00e3o de mesa da professora Adelaide Alves Dias.<\/p>\n<p><strong>Sobre Jo\u00e3o Vicente Goulart<\/strong><\/p>\n<p>\u00c9 fundador e presidente do Instituto Presidente Jo\u00e3o Goulart. Foi deputado estadual (1982-1986) e integrou o Conselho de Acompanhamento da Sociedade Civil, da Comiss\u00e3o de Anistia do Minist\u00e9rio da Justi\u00e7a. Em 1998 assumiu a presid\u00eancia do Instituto de Terras do Rio de Janeiro (Iterj). Em 2000 assumiu a Subsecretaria de Agricultura, no estado do Rio de Janeiro, implantando o Banco da Terra, do qual foi presidente.<\/p>\n<p>Outras informa\u00e7\u00f5es sobre o evento no Centro de Ci\u00eancias Humanas, Letras e Artes no Campus de Jo\u00e3o Pessoa ou no endere\u00e7o eletr\u00f4nico:\u00a0<a href=\"http:\/\/www.cchla.ufpb.br\/ncdh\/wp-content\/uploads\/2017\/05\/FOLDER_Jo%C3%A3o-Vicente-Goulart.pdf\">http:\/\/www.cchla.ufpb.br\/ncdh\/wp-content\/uploads\/2017\/05\/FOLDER_Jo%C3%A3o-Vicente-Goulart.pdf<\/a>.<\/p>\n<p><a href=\"http:\/\/www.adufpb.org.br\/site\/wp-content\/uploads\/2017\/05\/Convite-Jo\u00e3o-Vicente-Goulart.jpg\"><img loading=\"lazy\" decoding=\"async\" class=\"aligncenter size-full wp-image-16245\" alt=\"Convite Jo\u00e3o Vicente Goulart\" src=\"http:\/\/www.adufpb.org.br\/site\/wp-content\/uploads\/2017\/05\/Convite-Jo\u00e3o-Vicente-Goulart.jpg\" width=\"960\" height=\"675\" srcset=\"https:\/\/www.adufpb.org.br\/site\/wp-content\/uploads\/2017\/05\/Convite-Jo\u00e3o-Vicente-Goulart.jpg 960w, https:\/\/www.adufpb.org.br\/site\/wp-content\/uploads\/2017\/05\/Convite-Jo\u00e3o-Vicente-Goulart-300x210.jpg 300w\" sizes=\"auto, (max-width: 960px) 100vw, 960px\" \/><\/a><\/p>\n<\/div>\n<div>\n<div><em>Fonte: Ag\u00eancia de Not\u00edcias da UFPB &#8211; Marcos Figueiredo<\/em><\/div>\n<\/div>\n","protected":false},"excerpt":{"rendered":"<p>No per\u00edodo de 17 a 19 deste m\u00eas, o N\u00facleo de Cidadania e Direitos Humanos (NCDH) e o Programa de P\u00f3s-Gradua\u00e7\u00e3o em Direitos Humanos, Cidadania e Pol\u00edticas P\u00fablicas (PPGDH) da UFPB realizam o evento \u201cResistir ao esquecimento: Encontro com Jo\u00e3o Vicente Goulart\u201d. \u00a0O encontro objetiva promover reflex\u00f5es sobre os impactos da ditadura militar, a partir&hellip;<\/p>\n","protected":false},"author":3,"featured_media":0,"comment_status":"closed","ping_status":"closed","sticky":false,"template":"","format":"standard","meta":{"footnotes":""},"categories":[15],"tags":[],"class_list":["post-16244","post","type-post","status-publish","format-standard","hentry","category-noticias","category-15","description-off"],"_links":{"self":[{"href":"https:\/\/www.adufpb.org.br\/site\/wp-json\/wp\/v2\/posts\/16244","targetHints":{"allow":["GET"]}}],"collection":[{"href":"https:\/\/www.adufpb.org.br\/site\/wp-json\/wp\/v2\/posts"}],"about":[{"href":"https:\/\/www.adufpb.org.br\/site\/wp-json\/wp\/v2\/types\/post"}],"author":[{"embeddable":true,"href":"https:\/\/www.adufpb.org.br\/site\/wp-json\/wp\/v2\/users\/3"}],"replies":[{"embeddable":true,"href":"https:\/\/www.adufpb.org.br\/site\/wp-json\/wp\/v2\/comments?post=16244"}],"version-history":[{"count":2,"href":"https:\/\/www.adufpb.org.br\/site\/wp-json\/wp\/v2\/posts\/16244\/revisions"}],"predecessor-version":[{"id":16247,"href":"https:\/\/www.adufpb.org.br\/site\/wp-json\/wp\/v2\/posts\/16244\/revisions\/16247"}],"wp:attachment":[{"href":"https:\/\/www.adufpb.org.br\/site\/wp-json\/wp\/v2\/media?parent=16244"}],"wp:term":[{"taxonomy":"category","embeddable":true,"href":"https:\/\/www.adufpb.org.br\/site\/wp-json\/wp\/v2\/categories?post=16244"},{"taxonomy":"post_tag","embeddable":true,"href":"https:\/\/www.adufpb.org.br\/site\/wp-json\/wp\/v2\/tags?post=16244"}],"curies":[{"name":"wp","href":"https:\/\/api.w.org\/{rel}","templated":true}]}}