{"id":16127,"date":"2017-05-02T12:09:27","date_gmt":"2017-05-02T15:09:27","guid":{"rendered":"http:\/\/www.adufpb.org.br\/site\/?p=16127"},"modified":"2017-05-02T12:10:03","modified_gmt":"2017-05-02T15:10:03","slug":"andes-sn-participa-de-audiencia-publica-sobre-impacto-da-pec-287-na-educacao","status":"publish","type":"post","link":"https:\/\/www.adufpb.org.br\/site\/andes-sn-participa-de-audiencia-publica-sobre-impacto-da-pec-287-na-educacao\/","title":{"rendered":"ANDES-SN participa de audi\u00eancia p\u00fablica sobre impacto da PEC 287 na educa\u00e7\u00e3o"},"content":{"rendered":"<div id=\"conteudo\">\n<p>A comiss\u00e3o de Educa\u00e7\u00e3o da C\u00e2mara dos Deputados realizou, na \u00faltima quinta-feira (27), uma audi\u00eancia p\u00fablica para discutir os impactos da contrarreforma da Previd\u00eancia (PEC 287\/2016) na Educa\u00e7\u00e3o. Participaram do debate representantes de entidades da educa\u00e7\u00e3o p\u00fablica e privada. Algumas, como o ANDES-SN, criticaram a Proposta de Emenda \u00e0 Constitui\u00e7\u00e3o e tamb\u00e9m convocaram quem acompanhou a audi\u00eancia para a\u00a0<a href=\"http:\/\/www.andes.org.br\/andes\/print-ultimas-noticias.andes?id=8775\" target=\"_blank\"><strong>Greve Geral da sexta-feira (28).<\/strong><\/a><\/p>\n<p>O Sindicato Nacional foi representado na audi\u00eancia pela presidente do Sindicato Nacional, Eblin Farage, que criticou o que chamou de \u201cmercantiliza\u00e7\u00e3o dos servi\u00e7os p\u00fablicos\u201d. \u201cN\u00e3o acreditamos que a educa\u00e7\u00e3o possa ser uma mercadoria a ser vendida\u201d, disse ela, ao defender uma auditoria da d\u00edvida p\u00fablica brasileira, a taxa\u00e7\u00e3o de grandes fortunas e uma revis\u00e3o tribut\u00e1ria em vez da reforma na legisla\u00e7\u00e3o previdenci\u00e1ria.<\/p>\n<p>\u201cO \u00f4nus da gest\u00e3o da economia n\u00e3o pode cair sobre os trabalhadores. N\u00e3o d\u00e1 para os trabalhadores pagarem a conta de uma d\u00edvida que n\u00e3o foi ele que fizeram\u201d, sustentou Eblin, que tamb\u00e9m convocou os presentes para a greve geral de amanh\u00e3.<\/p>\n<p>Ainda durante sua fala, Eblin ressaltou para os deputados presentes que as entidades sindicais e os movimentos sociais ir\u00e3o denunciar \u00e0 popula\u00e7\u00e3o aqueles que votarem contra os direitos dos trabalhadores e que isso ter\u00e1 impacto nas elei\u00e7\u00f5es de 2018. A fala incomodou os parlamentares da base governistas.<\/p>\n<p>Ap\u00f3s a audi\u00eancia, Eblin ressaltou que \u00e9 importante estar nesses espa\u00e7os fazer o contraponto em defesa dos direitos da classe trabalhadora. \u201c\u00c9 importantes estarmos nesses espa\u00e7os para defender nossas ideias e ver tamb\u00e9m o quanto os ataques v\u00eam de todos os lados. Por que desde parte dos deputados da pr\u00f3pria comiss\u00e3o, que se posicionam a favor da reforma da previd\u00eancia e que desconsideram que a educa\u00e7\u00e3o tem que ser de fato garantida pelo Estado, como a fala de outras pessoas que foram ali tamb\u00e9m defender a reforma da Previd\u00eancia, como a representa\u00e7\u00e3o das Mantenedoras das Institui\u00e7\u00f5es Privadas de Ensino, a revelia dos direitos trabalhistas\u201d, comentou a presidente do ANDES-SN.<\/p>\n<p><em>* Com informa\u00e7\u00e3o e imagem da Ag\u00eancia C\u00e2mara<\/em><\/p>\n<p><em>Fonte:\u00a0ANDES-SN<\/em><\/p>\n<\/div>\n","protected":false},"excerpt":{"rendered":"<p>A comiss\u00e3o de Educa\u00e7\u00e3o da C\u00e2mara dos Deputados realizou, na \u00faltima quinta-feira (27), uma audi\u00eancia p\u00fablica para discutir os impactos da contrarreforma da Previd\u00eancia (PEC 287\/2016) na Educa\u00e7\u00e3o. Participaram do debate representantes de entidades da educa\u00e7\u00e3o p\u00fablica e privada. Algumas, como o ANDES-SN, criticaram a Proposta de Emenda \u00e0 Constitui\u00e7\u00e3o e tamb\u00e9m convocaram quem acompanhou&hellip;<\/p>\n","protected":false},"author":3,"featured_media":0,"comment_status":"closed","ping_status":"closed","sticky":false,"template":"","format":"standard","meta":{"footnotes":""},"categories":[15],"tags":[954],"class_list":["post-16127","post","type-post","status-publish","format-standard","hentry","category-noticias","tag-pec-287","category-15","description-off"],"_links":{"self":[{"href":"https:\/\/www.adufpb.org.br\/site\/wp-json\/wp\/v2\/posts\/16127","targetHints":{"allow":["GET"]}}],"collection":[{"href":"https:\/\/www.adufpb.org.br\/site\/wp-json\/wp\/v2\/posts"}],"about":[{"href":"https:\/\/www.adufpb.org.br\/site\/wp-json\/wp\/v2\/types\/post"}],"author":[{"embeddable":true,"href":"https:\/\/www.adufpb.org.br\/site\/wp-json\/wp\/v2\/users\/3"}],"replies":[{"embeddable":true,"href":"https:\/\/www.adufpb.org.br\/site\/wp-json\/wp\/v2\/comments?post=16127"}],"version-history":[{"count":2,"href":"https:\/\/www.adufpb.org.br\/site\/wp-json\/wp\/v2\/posts\/16127\/revisions"}],"predecessor-version":[{"id":16129,"href":"https:\/\/www.adufpb.org.br\/site\/wp-json\/wp\/v2\/posts\/16127\/revisions\/16129"}],"wp:attachment":[{"href":"https:\/\/www.adufpb.org.br\/site\/wp-json\/wp\/v2\/media?parent=16127"}],"wp:term":[{"taxonomy":"category","embeddable":true,"href":"https:\/\/www.adufpb.org.br\/site\/wp-json\/wp\/v2\/categories?post=16127"},{"taxonomy":"post_tag","embeddable":true,"href":"https:\/\/www.adufpb.org.br\/site\/wp-json\/wp\/v2\/tags?post=16127"}],"curies":[{"name":"wp","href":"https:\/\/api.w.org\/{rel}","templated":true}]}}