{"id":16117,"date":"2017-05-02T11:16:48","date_gmt":"2017-05-02T14:16:48","guid":{"rendered":"http:\/\/www.adufpb.org.br\/site\/?p=16117"},"modified":"2017-05-03T10:39:14","modified_gmt":"2017-05-03T13:39:14","slug":"vozes-da-adufpb-convida-professores-a-participarem-do-coral","status":"publish","type":"post","link":"https:\/\/www.adufpb.org.br\/site\/vozes-da-adufpb-convida-professores-a-participarem-do-coral\/","title":{"rendered":"\u201cVozes da ADUFPB\u201d convida professores a participarem do coral"},"content":{"rendered":"<p dir=\"ltr\"><a href=\"http:\/\/www.adufpb.org.br\/site\/wp-content\/uploads\/2014\/02\/Coral-da-ADUFPB-no-Fepac-Foto-Gilberto-Firmino-17.jpg\"><img loading=\"lazy\" decoding=\"async\" class=\"alignright size-medium wp-image-7834\" alt=\"Coral da ADUFPB no Fepac - Foto Gilberto Firmino (17)\" src=\"http:\/\/www.adufpb.org.br\/site\/wp-content\/uploads\/2014\/02\/Coral-da-ADUFPB-no-Fepac-Foto-Gilberto-Firmino-17-300x199.jpg\" width=\"300\" height=\"199\" srcset=\"https:\/\/www.adufpb.org.br\/site\/wp-content\/uploads\/2014\/02\/Coral-da-ADUFPB-no-Fepac-Foto-Gilberto-Firmino-17-300x199.jpg 300w, https:\/\/www.adufpb.org.br\/site\/wp-content\/uploads\/2014\/02\/Coral-da-ADUFPB-no-Fepac-Foto-Gilberto-Firmino-17.jpg 1024w\" sizes=\"auto, (max-width: 300px) 100vw, 300px\" \/><\/a>O coral Vozes da ADUFPB est\u00e1 convidando os professores sindicalizados a se integrarem \u00e0s atividades do grupo, que foi formado em dezembro de 2012 com o objetivo de estimular talentos e aptid\u00f5es musicais e promover a integra\u00e7\u00e3o entre os docentes.<\/p>\n<p dir=\"ltr\">Os ensaios s\u00e3o realizados sempre \u00e0s segundas e quarta-feiras,das 17h \u00e0s 19h, no Terra\u00e7o Silvio Frank Allen, localizado na sede da ADUFPB, no Centro de Viv\u00eancia do campus I.<\/p>\n<p dir=\"ltr\">Interessados em participar do grupo devem procurar a professora Terezinha Diniz, diretora de Pol\u00edtica Social da ADUFPB e coordenadora do coral. Sob a reg\u00eancia do maestro Carlos An\u00edsio, o Vozes da ADUFPB tem marcado presen\u00e7a em grande eventos, como o Festival Paraibano de Coros, que re\u00fane anualmente na UFPB coralistas de v\u00e1rios estados do pa\u00eds.<\/p>\n<p dir=\"ltr\">Assista trecho de um dos ensaios do coral:<\/p>\n<p dir=\"ltr\"><div style=\"width: 400px;\" class=\"wp-video\"><video class=\"wp-video-shortcode\" id=\"video-16117-1\" width=\"400\" height=\"226\" preload=\"metadata\" controls=\"controls\"><source type=\"video\/mp4\" src=\"http:\/\/www.adufpb.org.br\/site\/wp-content\/uploads\/2016\/11\/coral-adufpb.mp4?_=1\" \/><a href=\"http:\/\/www.adufpb.org.br\/site\/wp-content\/uploads\/2016\/11\/coral-adufpb.mp4\">http:\/\/www.adufpb.org.br\/site\/wp-content\/uploads\/2016\/11\/coral-adufpb.mp4<\/a><\/video><\/div>\n<p dir=\"ltr\"><em>Fonte: Ascom ADUFPB<\/em><\/p>\n","protected":false},"excerpt":{"rendered":"<p>O coral Vozes da ADUFPB est\u00e1 convidando os professores sindicalizados a se integrarem \u00e0s atividades do grupo, que foi formado em dezembro de 2012 com o objetivo de estimular talentos e aptid\u00f5es musicais e promover a integra\u00e7\u00e3o entre os docentes. Os ensaios s\u00e3o realizados sempre \u00e0s segundas e quarta-feiras,das 17h \u00e0s 19h, no Terra\u00e7o Silvio&hellip;<\/p>\n","protected":false},"author":3,"featured_media":0,"comment_status":"closed","ping_status":"closed","sticky":false,"template":"","format":"standard","meta":{"footnotes":""},"categories":[15],"tags":[488,279],"class_list":["post-16117","post","type-post","status-publish","format-standard","hentry","category-noticias","tag-coral-vozes-da-adufpb","tag-vozes-da-adufpb","category-15","description-off"],"_links":{"self":[{"href":"https:\/\/www.adufpb.org.br\/site\/wp-json\/wp\/v2\/posts\/16117","targetHints":{"allow":["GET"]}}],"collection":[{"href":"https:\/\/www.adufpb.org.br\/site\/wp-json\/wp\/v2\/posts"}],"about":[{"href":"https:\/\/www.adufpb.org.br\/site\/wp-json\/wp\/v2\/types\/post"}],"author":[{"embeddable":true,"href":"https:\/\/www.adufpb.org.br\/site\/wp-json\/wp\/v2\/users\/3"}],"replies":[{"embeddable":true,"href":"https:\/\/www.adufpb.org.br\/site\/wp-json\/wp\/v2\/comments?post=16117"}],"version-history":[{"count":5,"href":"https:\/\/www.adufpb.org.br\/site\/wp-json\/wp\/v2\/posts\/16117\/revisions"}],"predecessor-version":[{"id":16174,"href":"https:\/\/www.adufpb.org.br\/site\/wp-json\/wp\/v2\/posts\/16117\/revisions\/16174"}],"wp:attachment":[{"href":"https:\/\/www.adufpb.org.br\/site\/wp-json\/wp\/v2\/media?parent=16117"}],"wp:term":[{"taxonomy":"category","embeddable":true,"href":"https:\/\/www.adufpb.org.br\/site\/wp-json\/wp\/v2\/categories?post=16117"},{"taxonomy":"post_tag","embeddable":true,"href":"https:\/\/www.adufpb.org.br\/site\/wp-json\/wp\/v2\/tags?post=16117"}],"curies":[{"name":"wp","href":"https:\/\/api.w.org\/{rel}","templated":true}]}}