{"id":16104,"date":"2017-04-27T12:23:47","date_gmt":"2017-04-27T15:23:47","guid":{"rendered":"http:\/\/www.adufpb.org.br\/site\/?p=16104"},"modified":"2017-04-27T14:06:11","modified_gmt":"2017-04-27T17:06:11","slug":"comunicado-sobre-funcionamento-da-sede-da-adufpb-nesta-sexta-feira-28","status":"publish","type":"post","link":"https:\/\/www.adufpb.org.br\/site\/comunicado-sobre-funcionamento-da-sede-da-adufpb-nesta-sexta-feira-28\/","title":{"rendered":"Comunicado sobre funcionamento da sede da ADUFPB nesta sexta-feira (28)"},"content":{"rendered":"<p>A ADUFPB comunica que a sede da entidade estar\u00e1 fechada nesta sexta-feira (28\/4) em decorr\u00eancia da Greve Geral dos trabalhadores. O expediente voltar\u00e1 ao normal na ter\u00e7a-feira, dia 2 de maio.<\/p>\n<p>Apesar da parada das atividades na sede, professores e professoras ir\u00e3o participar, ao longo da sexta-feira, de atividades de protesto contra as reformas da Previd\u00eancia e trabalhista e a Diretoria Executiva da ADUFPB convida todos e todas a participarem do grande ato p\u00fablico que ocorrer\u00e1 a partir das 14h no Ponto de Cem Reis, em Jo\u00e3o Pessoa.<\/p>\n","protected":false},"excerpt":{"rendered":"<p>A ADUFPB comunica que a sede da entidade estar\u00e1 fechada nesta sexta-feira (28\/4) em decorr\u00eancia da Greve Geral dos trabalhadores. O expediente voltar\u00e1 ao normal na ter\u00e7a-feira, dia 2 de maio. Apesar da parada das atividades na sede, professores e professoras ir\u00e3o participar, ao longo da sexta-feira, de atividades de protesto contra as reformas da&hellip;<\/p>\n","protected":false},"author":3,"featured_media":0,"comment_status":"closed","ping_status":"closed","sticky":false,"template":"","format":"standard","meta":{"footnotes":""},"categories":[15],"tags":[819],"class_list":["post-16104","post","type-post","status-publish","format-standard","hentry","category-noticias","tag-greve-geral","category-15","description-off"],"_links":{"self":[{"href":"https:\/\/www.adufpb.org.br\/site\/wp-json\/wp\/v2\/posts\/16104","targetHints":{"allow":["GET"]}}],"collection":[{"href":"https:\/\/www.adufpb.org.br\/site\/wp-json\/wp\/v2\/posts"}],"about":[{"href":"https:\/\/www.adufpb.org.br\/site\/wp-json\/wp\/v2\/types\/post"}],"author":[{"embeddable":true,"href":"https:\/\/www.adufpb.org.br\/site\/wp-json\/wp\/v2\/users\/3"}],"replies":[{"embeddable":true,"href":"https:\/\/www.adufpb.org.br\/site\/wp-json\/wp\/v2\/comments?post=16104"}],"version-history":[{"count":2,"href":"https:\/\/www.adufpb.org.br\/site\/wp-json\/wp\/v2\/posts\/16104\/revisions"}],"predecessor-version":[{"id":16107,"href":"https:\/\/www.adufpb.org.br\/site\/wp-json\/wp\/v2\/posts\/16104\/revisions\/16107"}],"wp:attachment":[{"href":"https:\/\/www.adufpb.org.br\/site\/wp-json\/wp\/v2\/media?parent=16104"}],"wp:term":[{"taxonomy":"category","embeddable":true,"href":"https:\/\/www.adufpb.org.br\/site\/wp-json\/wp\/v2\/categories?post=16104"},{"taxonomy":"post_tag","embeddable":true,"href":"https:\/\/www.adufpb.org.br\/site\/wp-json\/wp\/v2\/tags?post=16104"}],"curies":[{"name":"wp","href":"https:\/\/api.w.org\/{rel}","templated":true}]}}