{"id":16068,"date":"2017-04-20T12:09:44","date_gmt":"2017-04-20T15:09:44","guid":{"rendered":"http:\/\/www.adufpb.org.br\/site\/?p=16068"},"modified":"2017-04-20T12:09:44","modified_gmt":"2017-04-20T15:09:44","slug":"diretoria-do-andes-sn-convoca-62o-conad","status":"publish","type":"post","link":"https:\/\/www.adufpb.org.br\/site\/diretoria-do-andes-sn-convoca-62o-conad\/","title":{"rendered":"Diretoria do ANDES-SN convoca 62\u00ba Conad"},"content":{"rendered":"<p>A diretoria do ANDES-SN convocou, nessa ter\u00e7a-feira (18),\u00a0<a href=\"http:\/\/portal.andes.org.br\/imprensa\/noticias\/imp-ult-436544227.pdf\" target=\"_blank\">atrav\u00e9s da circular 103\/2017<\/a>, o 62\u00ba Conad, que ter\u00e1 como tema central \u201cAvan\u00e7ar na unidade e reorganiza\u00e7\u00e3o da classe trabalhadora: em defesa da educa\u00e7\u00e3o p\u00fablica e nenhum direito a menos!\u201d. O Conad acontecer\u00e1 entre os dias 13 e 16 de julho desse ano, na cidade de Niter\u00f3i (RJ), sediado pela Associa\u00e7\u00e3o dos Docentes da Universidade Federal Fluminense (Aduff Se\u00e7\u00e3o Sindical do ANDES-SN). A escolha da cidade fluminense para sediar o encontro aconteceu durante o 61\u00ba Conad, realizado em Boa Vista (RR), em 2016.<\/p>\n<p>As se\u00e7\u00f5es sindicais e sindicalizados poder\u00e3o enviar contribui\u00e7\u00f5es ao Caderno de Textos do 62\u00ba Conad at\u00e9 o dia 3 de juno, por email. Os textos enviados ap\u00f3s essa data, at\u00e9 o dia 26 de junho, ir\u00e3o compor o Anexo ao Caderno, que ser\u00e1 publicado no dia 30 de junho.<\/p>\n<p>A circular aponta que, conforme delibera\u00e7\u00e3o do 59\u00ba Conad, a apresenta\u00e7\u00e3o de textos referentes ao Tema I \u2013 Movimento Docente e Conjuntura: avalia\u00e7\u00e3o da atua\u00e7\u00e3o do ANDES-SN frente \u00e0s a\u00e7\u00f5es estabelecidas no 36\u00ba CONGRESSO \u2013 somente ser\u00e1 admitida no Caderno de Textos principal.<\/p>\n<p><strong>Credenciamento pr\u00e9vio\u00a0<\/strong><\/p>\n<p><strong><\/strong>Para agilizar a inscri\u00e7\u00e3o, a diretoria reafirma a import\u00e2ncia do credenciamento. Para o 62\u00ba CONAD, foi estabelecido o per\u00edodo de 1\u00ba de junho a 10 de julho para o envio da documenta\u00e7\u00e3o regimental para inscri\u00e7\u00e3o de delegados e observadores e observadores suplentes do delegado.<\/p>\n<p><a href=\"http:\/\/portal.andes.org.br\/imprensa\/noticias\/imp-ult-436544227.pdf\" target=\"_blank\"><strong>Confira na circular 103\/2017\u00a0<\/strong><\/a>orienta\u00e7\u00f5es para apresenta\u00e7\u00e3o de contribui\u00e7\u00f5es ao Caderno de Texto e seu anexo, al\u00e9m de informa\u00e7\u00f5es sobre participa\u00e7\u00e3o de delegados e observadores e suplentes e tamb\u00e9m a documenta\u00e7\u00e3o necess\u00e1ria para o credenciamento.<\/p>\n<p><em>Fonte:\u00a0ANDES-SN<\/em><\/p>\n<p>&nbsp;<\/p>\n","protected":false},"excerpt":{"rendered":"<p>A diretoria do ANDES-SN convocou, nessa ter\u00e7a-feira (18),\u00a0atrav\u00e9s da circular 103\/2017, o 62\u00ba Conad, que ter\u00e1 como tema central \u201cAvan\u00e7ar na unidade e reorganiza\u00e7\u00e3o da classe trabalhadora: em defesa da educa\u00e7\u00e3o p\u00fablica e nenhum direito a menos!\u201d. O Conad acontecer\u00e1 entre os dias 13 e 16 de julho desse ano, na cidade de Niter\u00f3i (RJ),&hellip;<\/p>\n","protected":false},"author":3,"featured_media":0,"comment_status":"closed","ping_status":"closed","sticky":false,"template":"","format":"standard","meta":{"footnotes":""},"categories":[15],"tags":[970,164],"class_list":["post-16068","post","type-post","status-publish","format-standard","hentry","category-noticias","tag-62o-conad","tag-conad","category-15","description-off"],"_links":{"self":[{"href":"https:\/\/www.adufpb.org.br\/site\/wp-json\/wp\/v2\/posts\/16068","targetHints":{"allow":["GET"]}}],"collection":[{"href":"https:\/\/www.adufpb.org.br\/site\/wp-json\/wp\/v2\/posts"}],"about":[{"href":"https:\/\/www.adufpb.org.br\/site\/wp-json\/wp\/v2\/types\/post"}],"author":[{"embeddable":true,"href":"https:\/\/www.adufpb.org.br\/site\/wp-json\/wp\/v2\/users\/3"}],"replies":[{"embeddable":true,"href":"https:\/\/www.adufpb.org.br\/site\/wp-json\/wp\/v2\/comments?post=16068"}],"version-history":[{"count":1,"href":"https:\/\/www.adufpb.org.br\/site\/wp-json\/wp\/v2\/posts\/16068\/revisions"}],"predecessor-version":[{"id":16069,"href":"https:\/\/www.adufpb.org.br\/site\/wp-json\/wp\/v2\/posts\/16068\/revisions\/16069"}],"wp:attachment":[{"href":"https:\/\/www.adufpb.org.br\/site\/wp-json\/wp\/v2\/media?parent=16068"}],"wp:term":[{"taxonomy":"category","embeddable":true,"href":"https:\/\/www.adufpb.org.br\/site\/wp-json\/wp\/v2\/categories?post=16068"},{"taxonomy":"post_tag","embeddable":true,"href":"https:\/\/www.adufpb.org.br\/site\/wp-json\/wp\/v2\/tags?post=16068"}],"curies":[{"name":"wp","href":"https:\/\/api.w.org\/{rel}","templated":true}]}}