{"id":16012,"date":"2017-04-10T11:38:17","date_gmt":"2017-04-10T14:38:17","guid":{"rendered":"http:\/\/www.adufpb.org.br\/site\/?p=16012"},"modified":"2017-04-10T11:38:17","modified_gmt":"2017-04-10T14:38:17","slug":"cortes-nos-recursos-do-mcti-podem-inviabilizar-producao-de-conhecimento-no-pais","status":"publish","type":"post","link":"https:\/\/www.adufpb.org.br\/site\/cortes-nos-recursos-do-mcti-podem-inviabilizar-producao-de-conhecimento-no-pais\/","title":{"rendered":"Cortes nos recursos do MCTI podem inviabilizar produ\u00e7\u00e3o de conhecimento no pa\u00eds"},"content":{"rendered":"<p>O corte do governo federal em 44% no or\u00e7amento do Minist\u00e9rio da Ci\u00eancia, Tecnologia, Inova\u00e7\u00e3o e Comunica\u00e7\u00e3o repercutiu de maneira negativa n\u00e3o s\u00f3 entre as entidades sindicais e de pesquisa nacionais. A revista Nature, conceituada publica\u00e7\u00e3o cient\u00edfica internacional, deu destaque para a redu\u00e7\u00e3o no or\u00e7amento da pasta, que foi anunciada pelo governo federal no dia 31 de mar\u00e7o, c<a href=\"http:\/\/www.andes.org.br\/andes\/print-ultimas-noticias.andes?id=8734\" target=\"_blank\">omo parte do corte de R$ 42 bilh\u00f5es no or\u00e7amento geral da Uni\u00e3o.<\/a><\/p>\n<p>Olga\u00edses Mau\u00e9s, 3\u00aa vice-presidente do ANDES-SN e da coordena\u00e7\u00e3o do Grupo de Trabalho de Ci\u00eancia e Tecnologia do Sindicato Nacional, ressalta que o corte em quase metade do or\u00e7amento da pasta representa a posi\u00e7\u00e3o do governo frente ao desenvolvimento cient\u00edfico e tecnol\u00f3gico desejado para o pa\u00eds.<\/p>\n<p>\u201cEssa \u00e9 a concep\u00e7\u00e3o que esse governo ileg\u00edtimo tem em rela\u00e7\u00e3o \u00e0 produ\u00e7\u00e3o de conhecimento no pa\u00eds. \u00c9 a forma inclusive de privatizar a ci\u00eancia e tecnologia. Sabemos que um pa\u00eds n\u00e3o tem como se desenvolver, ser um pa\u00eds soberano, independente, se ele n\u00e3o produz conhecimento, se ele n\u00e3o \u00e9 capaz de dar solu\u00e7\u00f5es estruturais para seus problemas de ecossistema, sa\u00fade e educa\u00e7\u00e3o, por exemplo\u201d, afirma.<\/p>\n<p>Segundo Olga\u00edses, o desmonte da Ci\u00eancia e Tecnologia p\u00fablicas no pa\u00eds n\u00e3o \u00e9 teve in\u00edcio nesse governo. Ela cita, por exemplo, a Lei de Inova\u00e7\u00e3o Tecnol\u00f3gica, de 2004 durante o governo Lula e o Marco de CT&amp;I (lei 13243\/2016), aprovado no in\u00edcio de 2016, ainda durante o governo Dilma. Recentemente,\u00a0<a href=\"http:\/\/www.andes.org.br\/andes\/print-ultimas-noticias.andes?id=8738\" target=\"_blank\">o ANDES-SN publicou uma cartilha denunciando os riscos e consequ\u00eancias dessa lei para as universidades p\u00fablicas e produ\u00e7\u00e3o cient\u00edfica no pa\u00eds.<\/a><\/p>\n<p>\u201cUm dos exemplos \u00e9 a flexibiliza\u00e7\u00e3o da Dedica\u00e7\u00e3o Exclusiva, que foi conquistada justamente para desenvolver o trip\u00e9 \u2013 ensino, pesquisa e extens\u00e3o. Ao liberar as pessoas que tem DE para trabalhar em empresas, e o que esse pesquisador produz \u00e9 da empresa e diminui seu tempo na universidade em termos de produ\u00e7\u00e3o de conhecimento. E vale lembrar que s\u00e3o as universidades p\u00fablicas \u2013 federais e estaduais \u2013 respons\u00e1veis pela produ\u00e7\u00e3o de entre 80 a 90% do conhecimento no pa\u00eds\u201d, explica.<\/p>\n<p>Para a diretora do ANDES-SN, o atual governo n\u00e3o tem inten\u00e7\u00e3o em investir em pesquisa e produ\u00e7\u00e3o de conhecimento, uma vez que para isso h\u00e1 demanda de recursos, os quais foram enxugados ainda mais com os recentes cortes. \u201cIsso representa menos editais para pesquisas, menos bolsas, menos possibilidades de interc\u00e2mbio, menos laborat\u00f3rios, aus\u00eancia de recursos para tudo isso \u2013 desde a inicia\u00e7\u00e3o cient\u00edfica ao p\u00f3s-doutorado. \u00c9 a concep\u00e7\u00e3o que o pa\u00eds tem de ci\u00eancia e tecnologia, que passa a ser uma concep\u00e7\u00e3o de subordina\u00e7\u00e3o\u201d, complementa.<\/p>\n<p>Embora Olga\u00edses reconhe\u00e7a a import\u00e2ncia da divulga\u00e7\u00e3o do descaso do governo com a ci\u00eancia e tecnologia brasileiras em n\u00edvel internacional, ela ressalta que infelizmente, muitas vezes, a informa\u00e7\u00e3o sobre cortes e dos impactos deles fica restrita ao meio acad\u00eamico e cient\u00edfico, e a popula\u00e7\u00e3o n\u00e3o tem consci\u00eancia do que isso representa em sua vida pr\u00e1tica.<\/p>\n<p>\u201cPor exemplo, a medica\u00e7\u00e3o para o tratamento de HIV que na d\u00e9cada de 90 era importada, n\u00f3s come\u00e7amos a desenvolver aqui e hoje o Brasil \u00e9 um dos poucos pa\u00edses que distribui gratuitamente o coquetel para tratamento do HIV\u201d, comenta a diretora do Sindicato Nacional, ressaltando que \u201ca popula\u00e7\u00e3o n\u00e3o se rebela, pois talvez n\u00e3o consiga enxergar a liga\u00e7\u00e3o entre esses cortes com a sua vida pr\u00e1tica\u201d.<\/p>\n<p>Manifesta\u00e7\u00f5es em defesa da ci\u00eancia e tecnologia que devem ocorrer em diversas partes do pa\u00eds e do mundo no pr\u00f3ximo dia 22 de abril, organizadas por representantes da comunidade acad\u00eamica e organiza\u00e7\u00f5es como a Sociedade Brasileira para o Progresso da Ci\u00eancia.<\/p>\n<p><strong>Cortes<\/strong><\/p>\n<p><strong><\/strong>Os cortes promovidos pelo governo ir\u00e3o deixar o Minist\u00e9rio de Tecnologia, Inova\u00e7\u00f5es e Comunica\u00e7\u00f5es (MCTIC) com seu or\u00e7amento mais baixo em pelo menos 12 anos, com apenas R$ 2,8 bilh\u00f5es, equivalente a US$ 898 milh\u00f5es \u2014 um corte de R$ 2,2 bilh\u00f5es dos R$5 bilh\u00f5es do financiamento que o governo tinha proposto originalmente para 2017.<\/p>\n<p><em>Fonte:\u00a0ANDES-SN<\/em><\/p>\n<p>&nbsp;<\/p>\n","protected":false},"excerpt":{"rendered":"<p>O corte do governo federal em 44% no or\u00e7amento do Minist\u00e9rio da Ci\u00eancia, Tecnologia, Inova\u00e7\u00e3o e Comunica\u00e7\u00e3o repercutiu de maneira negativa n\u00e3o s\u00f3 entre as entidades sindicais e de pesquisa nacionais. A revista Nature, conceituada publica\u00e7\u00e3o cient\u00edfica internacional, deu destaque para a redu\u00e7\u00e3o no or\u00e7amento da pasta, que foi anunciada pelo governo federal no dia&hellip;<\/p>\n","protected":false},"author":3,"featured_media":0,"comment_status":"closed","ping_status":"closed","sticky":false,"template":"","format":"standard","meta":{"footnotes":""},"categories":[15],"tags":[693,602,786],"class_list":["post-16012","post","type-post","status-publish","format-standard","hentry","category-noticias","tag-ciencia-e-tecnologia","tag-cortes","tag-mcti","category-15","description-off"],"_links":{"self":[{"href":"https:\/\/www.adufpb.org.br\/site\/wp-json\/wp\/v2\/posts\/16012","targetHints":{"allow":["GET"]}}],"collection":[{"href":"https:\/\/www.adufpb.org.br\/site\/wp-json\/wp\/v2\/posts"}],"about":[{"href":"https:\/\/www.adufpb.org.br\/site\/wp-json\/wp\/v2\/types\/post"}],"author":[{"embeddable":true,"href":"https:\/\/www.adufpb.org.br\/site\/wp-json\/wp\/v2\/users\/3"}],"replies":[{"embeddable":true,"href":"https:\/\/www.adufpb.org.br\/site\/wp-json\/wp\/v2\/comments?post=16012"}],"version-history":[{"count":1,"href":"https:\/\/www.adufpb.org.br\/site\/wp-json\/wp\/v2\/posts\/16012\/revisions"}],"predecessor-version":[{"id":16013,"href":"https:\/\/www.adufpb.org.br\/site\/wp-json\/wp\/v2\/posts\/16012\/revisions\/16013"}],"wp:attachment":[{"href":"https:\/\/www.adufpb.org.br\/site\/wp-json\/wp\/v2\/media?parent=16012"}],"wp:term":[{"taxonomy":"category","embeddable":true,"href":"https:\/\/www.adufpb.org.br\/site\/wp-json\/wp\/v2\/categories?post=16012"},{"taxonomy":"post_tag","embeddable":true,"href":"https:\/\/www.adufpb.org.br\/site\/wp-json\/wp\/v2\/tags?post=16012"}],"curies":[{"name":"wp","href":"https:\/\/api.w.org\/{rel}","templated":true}]}}