{"id":16000,"date":"2017-04-06T10:28:04","date_gmt":"2017-04-06T13:28:04","guid":{"rendered":"http:\/\/www.adufpb.org.br\/site\/?p=16000"},"modified":"2017-04-06T10:28:04","modified_gmt":"2017-04-06T13:28:04","slug":"adufpb-solicita-a-usuarios-da-geap-que-apresentem-documentos-para-acao-contra-aumento","status":"publish","type":"post","link":"https:\/\/www.adufpb.org.br\/site\/adufpb-solicita-a-usuarios-da-geap-que-apresentem-documentos-para-acao-contra-aumento\/","title":{"rendered":"ADUFPB solicita a usu\u00e1rios da Geap que apresentem documentos para a\u00e7\u00e3o contra aumento"},"content":{"rendered":"<p>Em raz\u00e3o das medidas que est\u00e3o sendo adotadas pela ADUFPB contra o aumento abusivo na mensalidade da GEAP, a Diretoria Executiva solicita aos sindicalizados que possuem contrato com o plano de sa\u00fade que entreguem at\u00e9 a pr\u00f3xima quarta-feira (12 de abril) na sede da entidade, no Centro de Viv\u00eancia do campus I, c\u00f3pia dos seguintes documentos:<\/p>\n<p>&#8211; Carteira de Identidade (RG)<\/p>\n<p>&#8211; CPF<\/p>\n<p>&#8211; Os tr\u00eas \u00faltimos contracheques<\/p>\n<p>&#8211; Os tr\u00eas \u00faltimos boletos de cobran\u00e7a<\/p>\n<p>&#8211; Contrato com a GEAP (caso tenha)<\/p>\n","protected":false},"excerpt":{"rendered":"<p>Em raz\u00e3o das medidas que est\u00e3o sendo adotadas pela ADUFPB contra o aumento abusivo na mensalidade da GEAP, a Diretoria Executiva solicita aos sindicalizados que possuem contrato com o plano de sa\u00fade que entreguem at\u00e9 a pr\u00f3xima quarta-feira (12 de abril) na sede da entidade, no Centro de Viv\u00eancia do campus I, c\u00f3pia dos seguintes&hellip;<\/p>\n","protected":false},"author":3,"featured_media":0,"comment_status":"closed","ping_status":"closed","sticky":false,"template":"","format":"standard","meta":{"footnotes":""},"categories":[15],"tags":[467,75],"class_list":["post-16000","post","type-post","status-publish","format-standard","hentry","category-noticias","tag-assuntos-juridicos","tag-geap","category-15","description-off"],"_links":{"self":[{"href":"https:\/\/www.adufpb.org.br\/site\/wp-json\/wp\/v2\/posts\/16000","targetHints":{"allow":["GET"]}}],"collection":[{"href":"https:\/\/www.adufpb.org.br\/site\/wp-json\/wp\/v2\/posts"}],"about":[{"href":"https:\/\/www.adufpb.org.br\/site\/wp-json\/wp\/v2\/types\/post"}],"author":[{"embeddable":true,"href":"https:\/\/www.adufpb.org.br\/site\/wp-json\/wp\/v2\/users\/3"}],"replies":[{"embeddable":true,"href":"https:\/\/www.adufpb.org.br\/site\/wp-json\/wp\/v2\/comments?post=16000"}],"version-history":[{"count":2,"href":"https:\/\/www.adufpb.org.br\/site\/wp-json\/wp\/v2\/posts\/16000\/revisions"}],"predecessor-version":[{"id":16002,"href":"https:\/\/www.adufpb.org.br\/site\/wp-json\/wp\/v2\/posts\/16000\/revisions\/16002"}],"wp:attachment":[{"href":"https:\/\/www.adufpb.org.br\/site\/wp-json\/wp\/v2\/media?parent=16000"}],"wp:term":[{"taxonomy":"category","embeddable":true,"href":"https:\/\/www.adufpb.org.br\/site\/wp-json\/wp\/v2\/categories?post=16000"},{"taxonomy":"post_tag","embeddable":true,"href":"https:\/\/www.adufpb.org.br\/site\/wp-json\/wp\/v2\/tags?post=16000"}],"curies":[{"name":"wp","href":"https:\/\/api.w.org\/{rel}","templated":true}]}}