{"id":15852,"date":"2017-03-27T11:36:52","date_gmt":"2017-03-27T14:36:52","guid":{"rendered":"http:\/\/www.adufpb.org.br\/site\/?p=15852"},"modified":"2017-03-27T11:36:52","modified_gmt":"2017-03-27T14:36:52","slug":"csp-conlutas-lanca-site-contra-as-reformas-da-previdencia-e-trabalhista","status":"publish","type":"post","link":"https:\/\/www.adufpb.org.br\/site\/csp-conlutas-lanca-site-contra-as-reformas-da-previdencia-e-trabalhista\/","title":{"rendered":"CSP-Conlutas lan\u00e7a site contra as reformas da Previd\u00eancia e Trabalhista"},"content":{"rendered":"<p><em>Portal re\u00fane informa\u00e7\u00f5es, not\u00edcias e materiais que servem como contraponto ao discurso feito pelo governo e m\u00eddia hegem\u00f4nica sobre as contrarreformas em curso<\/em><\/p>\n<p>A CSP-Conlutas, central \u00e0 qual o ANDES-SN \u00e9 filiado, lan\u00e7ou nesta quinta-feira (23), um site (<a href=\"http:\/\/www.contrareformadaprevidencia.com.br\/\" target=\"_blank\">www.contrareformadaprevidencia.com.br<\/a>) que re\u00fane informa\u00e7\u00f5es, not\u00edcias e materiais acerca da contrarreforma da Previd\u00eancia, Proposta de Emenda \u00e0 Constitui\u00e7\u00e3o (PEC) 287\/16, enviada pelo presidente Michel Temer em dezembro do ano passado.<\/p>\n<p>A Central e suas entidades encabe\u00e7am uma campanha para barrar a proposta, que destr\u00f3i direitos historicamente conquistados pelos trabalhadores brasileiros. A p\u00e1gina na web re\u00fane materiais nacionais, estaduais e regionais, para serem impressos, utilizados na internet, como pe\u00e7as visuais para m\u00eddias digitais e v\u00eddeos, e nas atividades de discuss\u00e3o e forma\u00e7\u00e3o, como cartilhas, jornais, documentos e artigos.<\/p>\n<p>Segundo a CSP-Conlutas, o site ser\u00e1 tamb\u00e9m local de atualiza\u00e7\u00e3o constante de not\u00edcias a respeito do tema e das mobiliza\u00e7\u00f5es pelo pa\u00eds. As a\u00e7\u00f5es das entidades filiadas e parceiras da Central, bem como de movimentos sociais e organiza\u00e7\u00f5es que se colocam contra a reforma da Previd\u00eancia, tamb\u00e9m ter\u00e3o repercuss\u00e3o na p\u00e1gina e nas redes sociais.<\/p>\n<p>Ainda de acordo com a Central, um dos principais objetivos do hotsite \u00e9 o de fortalecer nacionalmente as mobiliza\u00e7\u00f5es contra a PEC da Previd\u00eancia e informar a sociedade e ao conjunto da classe trabalhadora sobre os graves riscos que esta reforma trar\u00e1 \u00e0 vida de todos os brasileiros.<\/p>\n<p>Em fevereiro deste ano,\u00a0<a href=\"http:\/\/www.andes.org.br\/andes\/print-ultimas-noticias.andes?id=8685\" target=\"_blank\">a CSP-Conlutas divulgou uma cartilha que explica os problemas presentes na PEC 287\/16<\/a>. Com o nome \u201cReforma da Previd\u00eancia, N\u00e3o Vamos Aceitar\u201d, o documento detalha quais s\u00e3o as regras vigentes hoje, os ataques propostos por Temer, al\u00e9m de criticar a Desvincula\u00e7\u00e3o de Receitas da Uni\u00e3o (DRU) e a farsa do discurso do d\u00e9ficit. No m\u00eas seguinte,\u00a0<a href=\"http:\/\/www.andes.org.br\/andes\/print-ultimas-noticias.andes?id=8700\" target=\"_blank\">a Central divulgou um jornal especial sobre as consequ\u00eancias nefastas\u00a0<\/a>na vida do trabalhador caso as contrarreformas da Previd\u00eancia e Trabalhista sejam aprovadas.<\/p>\n<p>No m\u00eas de mar\u00e7o, o ANDES-SN lan\u00e7ou o primeiro de quatro v\u00eddeos sobre a PEC 287\/16. O v\u00eddeo, que pode ser acessado pelo Facebook e pelo YouTube,\u00a0<a href=\"http:\/\/www.andes.org.br\/andes\/print-ultimas-noticias.andes?id=8703\" target=\"_blank\">apresenta uma introdu\u00e7\u00e3o sobre os principais ataques contidos na proposta do governo federal.\u00a0<\/a><\/p>\n<p><strong>Contrarreforma Trabalhista e ao PL da terceiriza\u00e7\u00e3o<\/strong><\/p>\n<p>Na plataforma digital constam, ainda, materiais sobre a contrarreforma Trabalhista, Projeto de Lei (PL) 6787\/2016, que prioriza o negociado sobre o legislado em rela\u00e7\u00e3o a direitos trabalhistas conquistados; e do PL da Terceiriza\u00e7\u00e3o aprovado na \u00faltima quarta-feira (22),\u00a0<a href=\"http:\/\/www.andes.org.br\/andes\/print-ultimas-noticias.andes?id=8712\" target=\"_blank\">que permite a terceiriza\u00e7\u00e3o geral e irrestrita em todas as \u00e1reas do setor p\u00fablico e privado<\/a>.<\/p>\n<p><em>Com informa\u00e7\u00f5es e imagem de CSP-Conlutas<\/em><\/p>\n<p><em>Fonte:\u00a0ANDES-SN<\/em><\/p>\n","protected":false},"excerpt":{"rendered":"<p>Portal re\u00fane informa\u00e7\u00f5es, not\u00edcias e materiais que servem como contraponto ao discurso feito pelo governo e m\u00eddia hegem\u00f4nica sobre as contrarreformas em curso A CSP-Conlutas, central \u00e0 qual o ANDES-SN \u00e9 filiado, lan\u00e7ou nesta quinta-feira (23), um site (www.contrareformadaprevidencia.com.br) que re\u00fane informa\u00e7\u00f5es, not\u00edcias e materiais acerca da contrarreforma da Previd\u00eancia, Proposta de Emenda \u00e0 Constitui\u00e7\u00e3o&hellip;<\/p>\n","protected":false},"author":3,"featured_media":0,"comment_status":"closed","ping_status":"closed","sticky":false,"template":"","format":"standard","meta":{"footnotes":""},"categories":[15],"tags":[955,199,883,294,839,956],"class_list":["post-15852","post","type-post","status-publish","format-standard","hentry","category-noticias","tag-csp-coluntas","tag-previdencia","tag-reforma","tag-reforma-da-previdencia","tag-reforma-trabalhista","tag-trabalhista","category-15","description-off"],"_links":{"self":[{"href":"https:\/\/www.adufpb.org.br\/site\/wp-json\/wp\/v2\/posts\/15852","targetHints":{"allow":["GET"]}}],"collection":[{"href":"https:\/\/www.adufpb.org.br\/site\/wp-json\/wp\/v2\/posts"}],"about":[{"href":"https:\/\/www.adufpb.org.br\/site\/wp-json\/wp\/v2\/types\/post"}],"author":[{"embeddable":true,"href":"https:\/\/www.adufpb.org.br\/site\/wp-json\/wp\/v2\/users\/3"}],"replies":[{"embeddable":true,"href":"https:\/\/www.adufpb.org.br\/site\/wp-json\/wp\/v2\/comments?post=15852"}],"version-history":[{"count":1,"href":"https:\/\/www.adufpb.org.br\/site\/wp-json\/wp\/v2\/posts\/15852\/revisions"}],"predecessor-version":[{"id":15853,"href":"https:\/\/www.adufpb.org.br\/site\/wp-json\/wp\/v2\/posts\/15852\/revisions\/15853"}],"wp:attachment":[{"href":"https:\/\/www.adufpb.org.br\/site\/wp-json\/wp\/v2\/media?parent=15852"}],"wp:term":[{"taxonomy":"category","embeddable":true,"href":"https:\/\/www.adufpb.org.br\/site\/wp-json\/wp\/v2\/categories?post=15852"},{"taxonomy":"post_tag","embeddable":true,"href":"https:\/\/www.adufpb.org.br\/site\/wp-json\/wp\/v2\/tags?post=15852"}],"curies":[{"name":"wp","href":"https:\/\/api.w.org\/{rel}","templated":true}]}}