{"id":15847,"date":"2017-03-24T09:10:59","date_gmt":"2017-03-24T12:10:59","guid":{"rendered":"http:\/\/www.adufpb.org.br\/site\/?p=15847"},"modified":"2017-03-28T23:16:00","modified_gmt":"2017-03-29T02:16:00","slug":"andes-sn-define-semana-de-mobilizacao-para-barrar-a-pec-287","status":"publish","type":"post","link":"https:\/\/www.adufpb.org.br\/site\/andes-sn-define-semana-de-mobilizacao-para-barrar-a-pec-287\/","title":{"rendered":"ANDES-SN define semana de mobiliza\u00e7\u00e3o para barrar a PEC 287"},"content":{"rendered":"<p>O Setor das Institui\u00e7\u00f5es Federais de Ensino (Setor das Ifes) e o Setor das Institui\u00e7\u00f5es Estaduais e Municipais de Ensino (Setor das Iees\/Imes) do ANDES-SN se reuniram em Bras\u00edlia (DF) durante nos dias 18 e 19 deste m\u00eas para discutir a\u00e7\u00f5es conjuntas de mobiliza\u00e7\u00e3o contra a retirada de direitos. Durante o dia 18, os setores tiveram reuni\u00f5es pr\u00f3prias, e no dia 19, foi realizada uma reuni\u00e3o conjunta.<\/p>\n<p>O relat\u00f3rio da reuni\u00e3o conjunta, divulgado por meio da Circular n\u00b0 71\/2016, traz importantes encaminhamentos. Foi aprovada a produ\u00e7\u00e3o de um InformANDES Especial sobre a contrarreforma da Previd\u00eancia, Proposta de Emenda \u00e0 Constitui\u00e7\u00e3o (PEC) 287\/16; a divulga\u00e7\u00e3o da Consulta Nacional sobre as reformas, a privatiza\u00e7\u00e3o e a d\u00edvida p\u00fablica; e a participa\u00e7\u00e3o, como Amicus Curiae, na A\u00e7\u00e3o Direta de Inconstitucionalidade (ADI) contra a Emenda Constitucional (EC) 95\/16.<\/p>\n<p>Em rela\u00e7\u00e3o \u00e0 mobiliza\u00e7\u00e3o, os setores aprovaram a realiza\u00e7\u00e3o de semana Nacional de Mobiliza\u00e7\u00e3o contra a PEC 287\/16 entre 27 e 31 de mar\u00e7o; do \u201cDia nacional de luta contra a Reforma da Previd\u00eancia e Trabalhista e em defesa dos Servi\u00e7os P\u00fablicos\u201d em 28 de mar\u00e7o, nos estados e no DF, em frente \u00e0s superintend\u00eancias do INSS, e na porta de postos de servi\u00e7o do INSS nos munic\u00edpios; e a realiza\u00e7\u00e3o de rodadas de assembleias at\u00e9 7 de abril, pautando paralisa\u00e7\u00e3o no per\u00edodo de vota\u00e7\u00e3o em primeiro turno da PEC 287\/16 com participa\u00e7\u00e3o em caravana nacional em Bras\u00edlia.<\/p>\n<p>Ainda foram deliberados: a realiza\u00e7\u00e3o de ato p\u00fablico em S\u00e3o Paulo (SP) durante a pr\u00f3xima reuni\u00e3o da Coordena\u00e7\u00e3o Nacional da CSP-Conlutas, em 8 de abril, em articula\u00e7\u00e3o com outras Centrais e entidades sindicais e movimentos sociais com o tema \u201cContra as Reformas da Previd\u00eancia e Trabalhista! N\u00e3o \u00e0s emendas! Nenhum direito a menos!\u201d; a proposi\u00e7\u00e3o \u00e0s Centrais sindicais, por meio da CSP-Conlutas, de um calend\u00e1rio de lutas e mobiliza\u00e7\u00f5es que inclua o dia 28 de mar\u00e7o nos estados, o dia 8 de abril em S\u00e3o Paulo e um dia de Greve Geral na vota\u00e7\u00e3o em primeiro turno da PEC 287\/16; por fim, o apoio \u00e0 greve dos professores da rede b\u00e1sica de ensino.<\/p>\n<p>Alexandre Galv\u00e3o, secret\u00e1rio-geral do ANDES-SN, ressalta que a reuni\u00e3o conjunta deliberou um importante calend\u00e1rio de luta contra as medidas que retiram direitos. \u201cN\u00f3s estamos envolvendo o ANDES-SN em uma articula\u00e7\u00e3o unit\u00e1ria com sindicatos, centrais, movimentos sociais, na perspectiva de aumentar a mobiliza\u00e7\u00e3o, em especial no momento de vota\u00e7\u00e3o da PEC 287 em primeiro turno, para barrarmos esse ataque\u201d, afirma o docente.<\/p>\n<p>\u201cO governo federal demonstra que sentiu o impacto da mobiliza\u00e7\u00e3o de 15 de mar\u00e7o, e os deputados est\u00e3o pressionados, pensando em adiar a vota\u00e7\u00e3o da PEC 287. Aumentando a mobiliza\u00e7\u00e3o, vamos barrar a contrarreforma da Previd\u00eancia e, tamb\u00e9m, a Trabalhista\u201d, completa Alexandre Galv\u00e3o.<\/p>\n<p>A pr\u00f3xima reuni\u00e3o conjunta dos setores da Ifes e das Iees\/Imes est\u00e1 marcada para 19 de abril, na capital federal.<\/p>\n<p><a href=\"http:\/\/portal.andes.org.br\/imprensa\/noticias\/imp-ult-1030095042.pdf\" target=\"_blank\">Confira aqui a relatoria da reuni\u00e3o conjunta<\/a><\/p>\n<p><em>Fonte:\u00a0ANDES-SN<\/em><\/p>\n<p>&nbsp;<\/p>\n","protected":false},"excerpt":{"rendered":"<p>O Setor das Institui\u00e7\u00f5es Federais de Ensino (Setor das Ifes) e o Setor das Institui\u00e7\u00f5es Estaduais e Municipais de Ensino (Setor das Iees\/Imes) do ANDES-SN se reuniram em Bras\u00edlia (DF) durante nos dias 18 e 19 deste m\u00eas para discutir a\u00e7\u00f5es conjuntas de mobiliza\u00e7\u00e3o contra a retirada de direitos. Durante o dia 18, os setores&hellip;<\/p>\n","protected":false},"author":3,"featured_media":15873,"comment_status":"closed","ping_status":"closed","sticky":false,"template":"","format":"standard","meta":{"footnotes":""},"categories":[15,417],"tags":[132,26,223,954,199,883],"class_list":["post-15847","post","type-post","status-publish","format-standard","has-post-thumbnail","hentry","category-noticias","category-noticias-destaque","tag-greve","tag-mobilizacao","tag-paralisacao","tag-pec-287","tag-previdencia","tag-reforma","category-15","category-417","description-off"],"_links":{"self":[{"href":"https:\/\/www.adufpb.org.br\/site\/wp-json\/wp\/v2\/posts\/15847","targetHints":{"allow":["GET"]}}],"collection":[{"href":"https:\/\/www.adufpb.org.br\/site\/wp-json\/wp\/v2\/posts"}],"about":[{"href":"https:\/\/www.adufpb.org.br\/site\/wp-json\/wp\/v2\/types\/post"}],"author":[{"embeddable":true,"href":"https:\/\/www.adufpb.org.br\/site\/wp-json\/wp\/v2\/users\/3"}],"replies":[{"embeddable":true,"href":"https:\/\/www.adufpb.org.br\/site\/wp-json\/wp\/v2\/comments?post=15847"}],"version-history":[{"count":2,"href":"https:\/\/www.adufpb.org.br\/site\/wp-json\/wp\/v2\/posts\/15847\/revisions"}],"predecessor-version":[{"id":15874,"href":"https:\/\/www.adufpb.org.br\/site\/wp-json\/wp\/v2\/posts\/15847\/revisions\/15874"}],"wp:featuredmedia":[{"embeddable":true,"href":"https:\/\/www.adufpb.org.br\/site\/wp-json\/wp\/v2\/media\/15873"}],"wp:attachment":[{"href":"https:\/\/www.adufpb.org.br\/site\/wp-json\/wp\/v2\/media?parent=15847"}],"wp:term":[{"taxonomy":"category","embeddable":true,"href":"https:\/\/www.adufpb.org.br\/site\/wp-json\/wp\/v2\/categories?post=15847"},{"taxonomy":"post_tag","embeddable":true,"href":"https:\/\/www.adufpb.org.br\/site\/wp-json\/wp\/v2\/tags?post=15847"}],"curies":[{"name":"wp","href":"https:\/\/api.w.org\/{rel}","templated":true}]}}