{"id":15774,"date":"2017-03-08T09:04:14","date_gmt":"2017-03-08T12:04:14","guid":{"rendered":"http:\/\/www.adufpb.org.br\/site\/?p=15774"},"modified":"2017-03-10T11:25:46","modified_gmt":"2017-03-10T14:25:46","slug":"professores-se-reunem-em-assembleia-geral-no-dia-9-de-marco","status":"publish","type":"post","link":"https:\/\/www.adufpb.org.br\/site\/professores-se-reunem-em-assembleia-geral-no-dia-9-de-marco\/","title":{"rendered":"Professores se re\u00fanem em assembleia geral nesta quinta-feira"},"content":{"rendered":"<p style=\"text-align: left;\" align=\"center\">Os professores da UFPB voltam a se reunir em assembleia geral na quinta-feira (9 de mar\u00e7o) simultaneamente nos campi Jo\u00e3o Pessoa, Areia e Bananeiras, pela manh\u00e3, a partir das 9h e \u00e0 tarde, no campus Litoral Norte. Um dos pontos da pauta \u00e9 o repasse pol\u00edtico do 36\u00ba Congresso do ANDES-SN, agenda em defesa da Previd\u00eancia que prev\u00ea a paralisa\u00e7\u00e3o nacional do dia 15 de mar\u00e7o e o ato p\u00fablico que acontecer\u00e1 em Bras\u00edlia, no dia 28 de mar\u00e7o, al\u00e9m de informes.<\/p>\n<p>Al\u00e9m disso, a Diretoria da se\u00e7\u00e3o sindical apresentar\u00e1 uma\u00a0<b><span style=\"text-decoration: underline;\">an\u00e1lise da atual conjuntura<\/span><\/b>\u00a0pol\u00edtica do Pa\u00eds, destacando as recentes medidas do governo federal que amea\u00e7am os direitos trabalhistas e previdenci\u00e1rios da popula\u00e7\u00e3o.<\/p>\n<p><b>Agende-se<\/b><\/p>\n<p><b>ASSEMBLEIA ADUFPB<\/b><\/p>\n<p>Dia 9 de Mar\u00e7o de 2017 (quinta-feira)<\/p>\n<p>&nbsp;<\/p>\n<p><b>Campus Jo\u00e3o Pessoa<\/b><\/p>\n<p>Local:\u00a0Centro de Viv\u00eancia da UFPB<\/p>\n<p>Hor\u00e1rio: 9 horas<\/p>\n<p>&nbsp;<\/p>\n<p><b>Campus Areia e Bananeiras<\/b><\/p>\n<p>Local:\u00a0Nas Subscretarias de Areia e Bananeiras<\/p>\n<p>Hor\u00e1rio: a partir das 9 horas<\/p>\n<p>&nbsp;<\/p>\n<p><b>Campus Litoral Norte<\/b><\/p>\n<p>Local:\u00a0Subsecretaria da ADUFPB<\/p>\n<p>Hor\u00e1rio: \u00e0 tarde<\/p>\n<p>&nbsp;<\/p>\n<p>&nbsp;<\/p>\n","protected":false},"excerpt":{"rendered":"<p>Os professores da UFPB voltam a se reunir em assembleia geral na quinta-feira (9 de mar\u00e7o) simultaneamente nos campi Jo\u00e3o Pessoa, Areia e Bananeiras, pela manh\u00e3, a partir das 9h e \u00e0 tarde, no campus Litoral Norte. Um dos pontos da pauta \u00e9 o repasse pol\u00edtico do 36\u00ba Congresso do ANDES-SN, agenda em defesa da&hellip;<\/p>\n","protected":false},"author":3,"featured_media":15775,"comment_status":"closed","ping_status":"closed","sticky":false,"template":"","format":"standard","meta":{"footnotes":""},"categories":[15,417],"tags":[816],"class_list":["post-15774","post","type-post","status-publish","format-standard","has-post-thumbnail","hentry","category-noticias","category-noticias-destaque","tag-assembleia","category-15","category-417","description-off"],"_links":{"self":[{"href":"https:\/\/www.adufpb.org.br\/site\/wp-json\/wp\/v2\/posts\/15774","targetHints":{"allow":["GET"]}}],"collection":[{"href":"https:\/\/www.adufpb.org.br\/site\/wp-json\/wp\/v2\/posts"}],"about":[{"href":"https:\/\/www.adufpb.org.br\/site\/wp-json\/wp\/v2\/types\/post"}],"author":[{"embeddable":true,"href":"https:\/\/www.adufpb.org.br\/site\/wp-json\/wp\/v2\/users\/3"}],"replies":[{"embeddable":true,"href":"https:\/\/www.adufpb.org.br\/site\/wp-json\/wp\/v2\/comments?post=15774"}],"version-history":[{"count":2,"href":"https:\/\/www.adufpb.org.br\/site\/wp-json\/wp\/v2\/posts\/15774\/revisions"}],"predecessor-version":[{"id":15778,"href":"https:\/\/www.adufpb.org.br\/site\/wp-json\/wp\/v2\/posts\/15774\/revisions\/15778"}],"wp:featuredmedia":[{"embeddable":true,"href":"https:\/\/www.adufpb.org.br\/site\/wp-json\/wp\/v2\/media\/15775"}],"wp:attachment":[{"href":"https:\/\/www.adufpb.org.br\/site\/wp-json\/wp\/v2\/media?parent=15774"}],"wp:term":[{"taxonomy":"category","embeddable":true,"href":"https:\/\/www.adufpb.org.br\/site\/wp-json\/wp\/v2\/categories?post=15774"},{"taxonomy":"post_tag","embeddable":true,"href":"https:\/\/www.adufpb.org.br\/site\/wp-json\/wp\/v2\/tags?post=15774"}],"curies":[{"name":"wp","href":"https:\/\/api.w.org\/{rel}","templated":true}]}}