{"id":15665,"date":"2017-03-06T12:11:58","date_gmt":"2017-03-06T15:11:58","guid":{"rendered":"http:\/\/www.adufpb.org.br\/site\/?p=15665"},"modified":"2017-03-07T10:01:33","modified_gmt":"2017-03-07T13:01:33","slug":"adufpb-promove-debate-sobre-reforma-da-previdencia","status":"publish","type":"post","link":"https:\/\/www.adufpb.org.br\/site\/adufpb-promove-debate-sobre-reforma-da-previdencia\/","title":{"rendered":"ADUFPB promove debate sobre reforma da Previd\u00eancia"},"content":{"rendered":"<p><a href=\"http:\/\/www.adufpb.org.br\/site\/wp-content\/uploads\/2017\/03\/CARTAZ-REALIDADE-BRASILEIRA_LUCIA-LOPES.jpg\"><img loading=\"lazy\" decoding=\"async\" class=\"alignleft size-medium wp-image-15669\" alt=\"CARTAZ REALIDADE BRASILEIRA_LUCIA LOPES\" src=\"http:\/\/www.adufpb.org.br\/site\/wp-content\/uploads\/2017\/03\/CARTAZ-REALIDADE-BRASILEIRA_LUCIA-LOPES-214x300.jpg\" width=\"214\" height=\"300\" srcset=\"https:\/\/www.adufpb.org.br\/site\/wp-content\/uploads\/2017\/03\/CARTAZ-REALIDADE-BRASILEIRA_LUCIA-LOPES-214x300.jpg 214w, https:\/\/www.adufpb.org.br\/site\/wp-content\/uploads\/2017\/03\/CARTAZ-REALIDADE-BRASILEIRA_LUCIA-LOPES-730x1024.jpg 730w, https:\/\/www.adufpb.org.br\/site\/wp-content\/uploads\/2017\/03\/CARTAZ-REALIDADE-BRASILEIRA_LUCIA-LOPES.jpg 1298w\" sizes=\"auto, (max-width: 214px) 100vw, 214px\" \/><\/a>A \u201cReforma da Previd\u00eancia em Debate (Uma an\u00e1lise cr\u00edtica da PEC 287\/2016)\u201d \u00e9 o tema da palestra que abre a edi\u00e7\u00e3o de 2017 do projeto Realidade Brasileira e Universidade, dia 10 (sexta-feira), \u00e0s 14h30, no audit\u00f3rio do Centro de Educa\u00e7\u00e3o da UFPB. A atividade faz parte da pol\u00edtica sindical promovida pela ADUFPB que trar\u00e1, todos os meses, especialistas em diversas \u00e1reas para debater assuntos de interesses da comunidade acad\u00eamica.<\/p>\n<p>Para a palestra de abertura da edi\u00e7\u00e3o 2017, o sindicato convidou a pesquisadora da Universidade de Bras\u00edlia, professora Maria L\u00facia Lopes, integrante do quadro docente do programa de p\u00f3s-gradua\u00e7\u00e3o em Servi\u00e7o Social da UNB.\u00a0 L\u00facia Lopes tem experi\u00eancia de gest\u00e3o nas \u00e1reas de servi\u00e7o social, previd\u00eancia social, assist\u00eancia social e sa\u00fade suplementar e far\u00e1 uma an\u00e1lise cr\u00edtica sobre a PEC 287\/2016 e o sistema de Previd\u00eancia no Brasil.<\/p>\n<p>\u201cEstamos vivendo um momento em que \u00e9 preciso mobilizar a categoria docente e toda a comunidade contra os ataques promovidos pelo governo, principalmente contra a proposta regressiva da reforma da Previd\u00eancia e Trabalhista, em an\u00e1lise pelo Congresso. Os debates s\u00e3o ferramentas importantes para que possamos acumular for\u00e7as e entendimentos para resistir \u00e0s a\u00e7\u00f5es que atacam os direitos de todos os trabalhadores\u201d, destacou Marcelo Sitcovsky, presidente da ADUFPB.<\/p>\n<p>&nbsp;<\/p>\n<p><b>Palestrante <\/b><\/p>\n<p><b>\u00a0<\/b><\/p>\n<p>A professora Maria L\u00facia Lopes tem gradua\u00e7\u00e3o em Servi\u00e7o Social pela UFMA (1984). \u00c9 Mestre e Doutora em Pol\u00edtica Social pela Universidade de Brasilia (UnB), na qual \u00e9 Professora Adjunta e atua na Gradua\u00e7\u00e3o em Servi\u00e7o Social e no Programa de P\u00f3s-Gradua\u00e7\u00e3o em Pol\u00edtica Social ( Mestrado e Doutorado). P\u00f3s-Doutorado no Programa de Planejamento e gest\u00e3o de pol\u00edtica social e servi\u00e7o social, na Universit\u00e0 degli Studio di Milano-Bicocca, Milao, It\u00e1lia. \u00c9 pesquisadora do CNPq do Grupo de Estudos e Pesquisas em Seguridade Social e Trabalho &#8211; GESST\/UnB\/CNPq. Atua e tem publica\u00e7\u00f5es, principalmente, nos seguintes temas: seguridade social, previd\u00eancia social, assist\u00eancia social, trabalho, servi\u00e7o social, popula\u00e7\u00e3o em situa\u00e7\u00e3o de rua e pessoas com defici\u00eancia.<\/p>\n<p>&nbsp;<\/p>\n<p>&nbsp;<\/p>\n<p>AGENDE-SE<\/p>\n<p>Projeto Realidade Brasileira e Universidade<\/p>\n<p>Palestra: Reforma da Previd\u00eancia em Debate (Uma an\u00e1lise cr\u00edtica da PEC 287\/2016)<\/p>\n<p>Com Maria L\u00facia Lopes (UnB)<\/p>\n<p>Data: 10 de mar\u00e7o (sexta-feira)<\/p>\n<p>Local: Audit\u00f3rio do CE, \u00e0s 14H30<\/p>\n<p>&nbsp;<\/p>\n<p>Fonte: Ascom ADUFPB<\/p>\n","protected":false},"excerpt":{"rendered":"<p>A \u201cReforma da Previd\u00eancia em Debate (Uma an\u00e1lise cr\u00edtica da PEC 287\/2016)\u201d \u00e9 o tema da palestra que abre a edi\u00e7\u00e3o de 2017 do projeto Realidade Brasileira e Universidade, dia 10 (sexta-feira), \u00e0s 14h30, no audit\u00f3rio do Centro de Educa\u00e7\u00e3o da UFPB. A atividade faz parte da pol\u00edtica sindical promovida pela ADUFPB que trar\u00e1, todos&hellip;<\/p>\n","protected":false},"author":4,"featured_media":0,"comment_status":"closed","ping_status":"closed","sticky":false,"template":"","format":"standard","meta":{"footnotes":""},"categories":[1,15],"tags":[848,902,294],"class_list":["post-15665","post","type-post","status-publish","format-standard","hentry","category-agenda","category-noticias","tag-projeto-realidade-brasileira-e-universidade","tag-realidade-brasileira-e-universidade","tag-reforma-da-previdencia","category-1","category-15","description-off"],"_links":{"self":[{"href":"https:\/\/www.adufpb.org.br\/site\/wp-json\/wp\/v2\/posts\/15665","targetHints":{"allow":["GET"]}}],"collection":[{"href":"https:\/\/www.adufpb.org.br\/site\/wp-json\/wp\/v2\/posts"}],"about":[{"href":"https:\/\/www.adufpb.org.br\/site\/wp-json\/wp\/v2\/types\/post"}],"author":[{"embeddable":true,"href":"https:\/\/www.adufpb.org.br\/site\/wp-json\/wp\/v2\/users\/4"}],"replies":[{"embeddable":true,"href":"https:\/\/www.adufpb.org.br\/site\/wp-json\/wp\/v2\/comments?post=15665"}],"version-history":[{"count":3,"href":"https:\/\/www.adufpb.org.br\/site\/wp-json\/wp\/v2\/posts\/15665\/revisions"}],"predecessor-version":[{"id":15670,"href":"https:\/\/www.adufpb.org.br\/site\/wp-json\/wp\/v2\/posts\/15665\/revisions\/15670"}],"wp:attachment":[{"href":"https:\/\/www.adufpb.org.br\/site\/wp-json\/wp\/v2\/media?parent=15665"}],"wp:term":[{"taxonomy":"category","embeddable":true,"href":"https:\/\/www.adufpb.org.br\/site\/wp-json\/wp\/v2\/categories?post=15665"},{"taxonomy":"post_tag","embeddable":true,"href":"https:\/\/www.adufpb.org.br\/site\/wp-json\/wp\/v2\/tags?post=15665"}],"curies":[{"name":"wp","href":"https:\/\/api.w.org\/{rel}","templated":true}]}}