{"id":15662,"date":"2017-03-06T12:04:46","date_gmt":"2017-03-06T15:04:46","guid":{"rendered":"http:\/\/www.adufpb.org.br\/site\/?p=15662"},"modified":"2017-03-06T12:07:13","modified_gmt":"2017-03-06T15:07:13","slug":"forum-em-defesa-da-previdencia","status":"publish","type":"post","link":"https:\/\/www.adufpb.org.br\/site\/forum-em-defesa-da-previdencia\/","title":{"rendered":"F\u00f3rum em Defesa da Previd\u00eancia"},"content":{"rendered":"<p><a href=\"http:\/\/www.adufpb.org.br\/site\/wp-content\/uploads\/2017\/03\/convoca\u00e7\u00e3o-forum.jpeg\"><img loading=\"lazy\" decoding=\"async\" class=\"alignleft size-medium wp-image-15663\" alt=\"convoca\u00e7\u00e3o forum\" src=\"http:\/\/www.adufpb.org.br\/site\/wp-content\/uploads\/2017\/03\/convoca\u00e7\u00e3o-forum-218x300.jpeg\" width=\"218\" height=\"300\" srcset=\"https:\/\/www.adufpb.org.br\/site\/wp-content\/uploads\/2017\/03\/convoca\u00e7\u00e3o-forum-218x300.jpeg 218w, https:\/\/www.adufpb.org.br\/site\/wp-content\/uploads\/2017\/03\/convoca\u00e7\u00e3o-forum-746x1024.jpeg 746w, https:\/\/www.adufpb.org.br\/site\/wp-content\/uploads\/2017\/03\/convoca\u00e7\u00e3o-forum.jpeg 933w\" sizes=\"auto, (max-width: 218px) 100vw, 218px\" \/><\/a>O F\u00f3rum em defesa da Previd\u00eancia convoca os representantes de partidos pol\u00edticos, centrais sindicais, frentes e mvimentos do campo e da cidade para participarem de mais uma reuni\u00e3o com o objetivo de construirmos juntos as a\u00e7\u00f5es para o dia 15 de mar\u00e7o (Dia Nacional em Defesa da Previd\u00eancia).<br \/>\nA reuni\u00e3o acontece nesta ter\u00e7a-feira (7), na sede da ADUFPB (Centro de Viv\u00eancia da UFPB), \u00e0s 16h.<\/p>\n","protected":false},"excerpt":{"rendered":"<p>O F\u00f3rum em defesa da Previd\u00eancia convoca os representantes de partidos pol\u00edticos, centrais sindicais, frentes e mvimentos do campo e da cidade para participarem de mais uma reuni\u00e3o com o objetivo de construirmos juntos as a\u00e7\u00f5es para o dia 15 de mar\u00e7o (Dia Nacional em Defesa da Previd\u00eancia). A reuni\u00e3o acontece nesta ter\u00e7a-feira (7), na&hellip;<\/p>\n","protected":false},"author":4,"featured_media":0,"comment_status":"closed","ping_status":"closed","sticky":false,"template":"","format":"standard","meta":{"footnotes":""},"categories":[1,15],"tags":[],"class_list":["post-15662","post","type-post","status-publish","format-standard","hentry","category-agenda","category-noticias","category-1","category-15","description-off"],"_links":{"self":[{"href":"https:\/\/www.adufpb.org.br\/site\/wp-json\/wp\/v2\/posts\/15662","targetHints":{"allow":["GET"]}}],"collection":[{"href":"https:\/\/www.adufpb.org.br\/site\/wp-json\/wp\/v2\/posts"}],"about":[{"href":"https:\/\/www.adufpb.org.br\/site\/wp-json\/wp\/v2\/types\/post"}],"author":[{"embeddable":true,"href":"https:\/\/www.adufpb.org.br\/site\/wp-json\/wp\/v2\/users\/4"}],"replies":[{"embeddable":true,"href":"https:\/\/www.adufpb.org.br\/site\/wp-json\/wp\/v2\/comments?post=15662"}],"version-history":[{"count":1,"href":"https:\/\/www.adufpb.org.br\/site\/wp-json\/wp\/v2\/posts\/15662\/revisions"}],"predecessor-version":[{"id":15664,"href":"https:\/\/www.adufpb.org.br\/site\/wp-json\/wp\/v2\/posts\/15662\/revisions\/15664"}],"wp:attachment":[{"href":"https:\/\/www.adufpb.org.br\/site\/wp-json\/wp\/v2\/media?parent=15662"}],"wp:term":[{"taxonomy":"category","embeddable":true,"href":"https:\/\/www.adufpb.org.br\/site\/wp-json\/wp\/v2\/categories?post=15662"},{"taxonomy":"post_tag","embeddable":true,"href":"https:\/\/www.adufpb.org.br\/site\/wp-json\/wp\/v2\/tags?post=15662"}],"curies":[{"name":"wp","href":"https:\/\/api.w.org\/{rel}","templated":true}]}}