{"id":1561,"date":"2011-04-15T09:27:29","date_gmt":"2011-04-15T13:27:29","guid":{"rendered":"http:\/\/www.adufpb.org.br\/site\/associados-convidam-para-viagem-de-confraternizacao\/"},"modified":"2011-04-15T09:27:29","modified_gmt":"2011-04-15T13:27:29","slug":"associados-convidam-para-viagem-de-confraternizacao","status":"publish","type":"post","link":"https:\/\/www.adufpb.org.br\/site\/associados-convidam-para-viagem-de-confraternizacao\/","title":{"rendered":"Associados convidam para viagem de confraterniza\u00e7\u00e3o"},"content":{"rendered":"<p>No dia 29 de abril, ser\u00e1 realizada uma viagem de confraterniza\u00e7\u00e3o para os associados da ADUFPB com destino ao Instituto Brennand, na cidade do Recife, onde o grupo poder\u00e1 apreciar o vasto acervo de obras mitol\u00f3gicas, pl\u00e1sticas, de cer\u00e2mica e de pintura, bem como conhecer o espa\u00e7o chamado de \u201cacademia\u201d.<\/p>\n<p>\u00c0 tarde haver\u00e1 uma visita\u00e7\u00e3o ao castelo Ricardo Brennand, no bairro da V\u00e1rzea. A cole\u00e7\u00e3o de armas brancas de Ricardo, com pe\u00e7as que remontam desde a Idade M\u00e9dia at\u00e9 a Idade Contempor\u00e2nea, \u00e9 a maior da Am\u00e9rica Latina.<\/p>\n<p>Para participar do passeio, o associado deve entrar em contato com o professor Jos\u00e9 Nilton, na sede do Sindicato, localizado no Centro de Viv\u00eancia do Campus I, em Jo\u00e3o Pessoa. Est\u00e1 sendo cobrada uma cota de R$ 20, que deve ser paga at\u00e9 o dia 27 de abril.<\/p>\n<p align=\"center\"><strong>AGENDE-SE<\/strong><\/p>\n<p><span style=\"text-decoration: underline;\">Sa\u00edda da UFPB (Centro de Viv\u00eancia)<\/span><\/p>\n<p><strong>Data:<\/strong> 29\/04 (sexta-feira)<\/p>\n<p><strong>Hor\u00e1rio:<\/strong> 7h00<\/p>\n<p><strong>Concentra\u00e7\u00e3o:<\/strong> 6h45<\/p>\n<p><strong>Regresso:<\/strong> 17h00<\/p>\n<p><strong>Cota:<\/strong> R$ 20<\/p>\n<p><em>Fonte: Ascom ADUFPB<\/em><\/p>\n","protected":false},"excerpt":{"rendered":"<p>No dia 29 de abril, ser\u00e1 realizada uma viagem de confraterniza\u00e7\u00e3o para os associados da ADUFPB com destino ao Instituto Brennand, na cidade do Recife, onde o grupo poder\u00e1 apreciar o vasto acervo de obras mitol\u00f3gicas, pl\u00e1sticas, de cer\u00e2mica e de pintura, bem como conhecer o espa\u00e7o chamado de \u201cacademia\u201d. \u00c0 tarde haver\u00e1 uma visita\u00e7\u00e3o&hellip;<\/p>\n","protected":false},"author":3,"featured_media":0,"comment_status":"open","ping_status":"open","sticky":false,"template":"","format":"standard","meta":{"footnotes":""},"categories":[15],"tags":[98,157],"class_list":["post-1561","post","type-post","status-publish","format-standard","hentry","category-noticias","tag-confraternizacao","tag-viagens","category-15","description-off"],"_links":{"self":[{"href":"https:\/\/www.adufpb.org.br\/site\/wp-json\/wp\/v2\/posts\/1561","targetHints":{"allow":["GET"]}}],"collection":[{"href":"https:\/\/www.adufpb.org.br\/site\/wp-json\/wp\/v2\/posts"}],"about":[{"href":"https:\/\/www.adufpb.org.br\/site\/wp-json\/wp\/v2\/types\/post"}],"author":[{"embeddable":true,"href":"https:\/\/www.adufpb.org.br\/site\/wp-json\/wp\/v2\/users\/3"}],"replies":[{"embeddable":true,"href":"https:\/\/www.adufpb.org.br\/site\/wp-json\/wp\/v2\/comments?post=1561"}],"version-history":[{"count":0,"href":"https:\/\/www.adufpb.org.br\/site\/wp-json\/wp\/v2\/posts\/1561\/revisions"}],"wp:attachment":[{"href":"https:\/\/www.adufpb.org.br\/site\/wp-json\/wp\/v2\/media?parent=1561"}],"wp:term":[{"taxonomy":"category","embeddable":true,"href":"https:\/\/www.adufpb.org.br\/site\/wp-json\/wp\/v2\/categories?post=1561"},{"taxonomy":"post_tag","embeddable":true,"href":"https:\/\/www.adufpb.org.br\/site\/wp-json\/wp\/v2\/tags?post=1561"}],"curies":[{"name":"wp","href":"https:\/\/api.w.org\/{rel}","templated":true}]}}