{"id":15550,"date":"2017-02-17T18:00:58","date_gmt":"2017-02-17T21:00:58","guid":{"rendered":"http:\/\/www.adufpb.org.br\/site\/?p=15550"},"modified":"2017-02-17T18:04:00","modified_gmt":"2017-02-17T21:04:00","slug":"adufpb-abre-agenda-de-mobilizacoes-com-forum-em-defesa-da-previdencia","status":"publish","type":"post","link":"https:\/\/www.adufpb.org.br\/site\/adufpb-abre-agenda-de-mobilizacoes-com-forum-em-defesa-da-previdencia\/","title":{"rendered":"ADUFPB abre agenda de mobiliza\u00e7\u00f5es com F\u00f3rum em Defesa da Previd\u00eancia"},"content":{"rendered":"<p style=\"text-align: justify;\"><a href=\"http:\/\/www.adufpb.org.br\/site\/wp-content\/uploads\/2017\/02\/FORUM.jpeg\"><img loading=\"lazy\" decoding=\"async\" class=\"alignleft size-medium wp-image-15553\" alt=\"FORUM\" src=\"http:\/\/www.adufpb.org.br\/site\/wp-content\/uploads\/2017\/02\/FORUM-300x225.jpeg\" width=\"300\" height=\"225\" srcset=\"https:\/\/www.adufpb.org.br\/site\/wp-content\/uploads\/2017\/02\/FORUM-300x225.jpeg 300w, https:\/\/www.adufpb.org.br\/site\/wp-content\/uploads\/2017\/02\/FORUM-1024x768.jpeg 1024w, https:\/\/www.adufpb.org.br\/site\/wp-content\/uploads\/2017\/02\/FORUM.jpeg 1600w\" sizes=\"auto, (max-width: 300px) 100vw, 300px\" \/><\/a>No dia 15 de mar\u00e7o, docentes de todo o pa\u00eds participar\u00e3o de um grande Dia Nacional de Greves, Paralisa\u00e7\u00f5es e Mobiliza\u00e7\u00f5es na perspectiva da constru\u00e7\u00e3o da greve geral contra a Proposta de Emenda \u00e0 Constitui\u00e7\u00e3o (PEC) 287\/2016, que institui a Reforma da Previd\u00eancia. At\u00e9 l\u00e1, as institui\u00e7\u00f5es federais de ensino t\u00eam cumprido uma agenda de mobiliza\u00e7\u00f5es a exemplo do F\u00f3rum em Defesa da Previd\u00eancia realizado pela ADUFPB na \u00faltima quarta-feira, 15, na sede do sindicato, em Jo\u00e3o Pessoa.<\/p>\n<p style=\"text-align: justify;\">O encontro serviu como o pontap\u00e9 inicial para uma s\u00e9rie de a\u00e7\u00f5es locais em favor dos direitos conquistados e contra a regressiva Reforma da Previd\u00eancia, projeto que est\u00e1 em discuss\u00e3o na C\u00e2mara Federal e que faz parte dos in\u00fameros ataques aos direitos dos trabalhadores e trabalhadoras do pa\u00eds pelo governo golpista de Michel Temer. A primeira a\u00e7\u00e3o acontecer\u00e1 no dia 08 de mar\u00e7o, quando se comemora o Dia Internacional da Mulher.<\/p>\n<p style=\"text-align: justify;\">\u201cNeste in\u00edcio da agenda de mobiliza\u00e7\u00e3o nossa aten\u00e7\u00e3o est\u00e1 voltada para as mulheres. A diretoria do sindicato apontou que \u00e9 importante para n\u00f3s jogarmos toda a nossa energia para fazer o dia 08 de Mar\u00e7o um marco nessa luta\u201d, lembrando que as mulheres trabalhadoras ser\u00e3o as mais atingidas pela propostas regressivas contidas na PEC 287\/2016\u201d, o ressalta o presidente da ADUFPB, Marcelo Sitcovsky.<\/p>\n<p style=\"text-align: justify;\">O dia 08 de mar\u00e7o tamb\u00e9m ser\u00e1 uma data para refor\u00e7ar a constru\u00e7\u00e3o do Dia Nacional de Mobiliza\u00e7\u00f5es, em 15 de mar\u00e7o. \u201cNa Capital, em Campina Grande ou no sert\u00e3o da Para\u00edba, onde quer que seja poss\u00edvel fazer mobiliza\u00e7\u00f5es e a\u00e7\u00f5es, \u00e9 preciso estar nas ruas. Vamos pensar tamb\u00e9m na utiliza\u00e7\u00e3o de \u00a0m\u00eddias de uma forma geral para nos fortalecer nessa disputa de ideias, com a\u00e7\u00f5es concretas para combater esse modelo de reforma da Previd\u00eancia\u201d, ressaltou.<\/p>\n<p style=\"text-align: justify;\">Desde o ano passado que os movimentos da sociedade civil v\u00eam construindo espa\u00e7os de luta e resist\u00eancia aos ataques expressos nas propostas de limita\u00e7\u00e3o dos investimentos p\u00fablicos, reforma do ensino m\u00e9dio e, principalmente, contrarreforma da Previd\u00eancia Social e ataques aos direitos sociais adquiridos pelos trabalhadores.<\/p>\n<p style=\"text-align: justify;\">\u201cAlgumas quest\u00f5es est\u00e3o passando despercebidas, gerando d\u00favidas e confus\u00f5es nessa discuss\u00e3o da Reforma da Previd\u00eancia. Uma quest\u00e3o que est\u00e1 l\u00e1 colocada de forma clara \u00e9, por exemplo, a desvincula\u00e7\u00e3o entre o sal\u00e1rio m\u00ednimo e as aposentadorias. Para o servi\u00e7o p\u00fablico, isso pode sim impactar causando a quebra da qualidade. Na verdade, a quebra da qualidade j\u00e1 est\u00e1 contida quando ela trata da m\u00e9dia das contribui\u00e7\u00f5es\u201d, observa Sitcovsky.<\/p>\n<p style=\"text-align: justify;\">\n<p style=\"text-align: justify;\"><b>15 de mar\u00e7o \u2013 <\/b>Dia Nacional de Paralisa\u00e7\u00f5es e Luta<\/p>\n<p style=\"text-align: justify;\"><b>\u00a0<\/b><\/p>\n<p style=\"text-align: justify;\"><b><\/b>A data de mobiliza\u00e7\u00e3o (15\/03) foi indicada no 36\u00ba Congresso do Sindicato Nacional, realizado em Cuiab\u00e1 (MT) no m\u00eas de janeiro, e, posteriormente, incorporada nos calend\u00e1rios de luta do Setor das Institui\u00e7\u00f5es Federais de Ensino (Setor das Ifes) do ANDES-SN, e aprovada na reuni\u00e3o da Coordena\u00e7\u00e3o Nacional da CSP-Conlutas realizada em in\u00edcio de fevereiro em S\u00e3o Paulo (SP).<\/p>\n<p style=\"text-align: justify;\">Durante a plen\u00e1ria de Planos de Lutas dos Setores, os delegados do 36\u00ba Congresso do ANDES-SN definiram que 15 de mar\u00e7o seria um dia central na luta contra os ataques do governo \u00e0 Previd\u00eancia. O Setor das Ifes, reunido em Bras\u00edlia (DF) nos dias 10 e 11 de fevereiro, reafirmou a data como Dia Nacional de Paralisa\u00e7\u00f5es e Luta. O Setor deliberou pela realiza\u00e7\u00e3o de uma rodada de assembleias gerais nas se\u00e7\u00f5es sindicais, entre 15 de fevereiro e 10 de mar\u00e7o, para discutir e deliberar as a\u00e7\u00f5es locais a serem realizadas no dia 15 de mar\u00e7o, pautando a paralisa\u00e7\u00e3o docente. O F\u00f3rum das Entidades Nacionais dos Servidores P\u00fablicos Federais (Fonasefe), reunido na capital federal em 9 de fevereiro, tamb\u00e9m indicou ades\u00e3o \u00e0 data.<\/p>\n<p style=\"text-align: justify;\">Eblin Farage, presidente do ANDES-SN, ressalta que o Sindicato Nacional tem dado prioridade \u00e0 luta contra a PEC 287\/16, e que o 15 de mar\u00e7o \u00e9 uma importante data da mobiliza\u00e7\u00e3o para barrar os ataques \u00e0 Previd\u00eancia p\u00fablica. \u201cDia 15 \u00e9 uma data importante de mobiliza\u00e7\u00e3o da categoria contra o conjunto de retirada de direitos, em especial a contrarreforma da Previd\u00eancia. Para n\u00f3s, \u00e9 muito positivo que, aquilo que j\u00e1 definimos no ANDES-SN, foi assumido pela CSP-Conlutas como dia de lutas, e tamb\u00e9m tenha sido assumido pelas outras centrais sindicais. Nosso esfor\u00e7o \u00e9 parar as atividades e ir para a rua de forma mais ampla poss\u00edvel, com entidades sindicais, movimentos sociais e movimento estudantil. Temos o desafio de articular grandes atos nos estados. A gente tem que dar uma resposta \u00e0 altura do que essa contrarreforma vai significar para os trabalhadores\u201d, afirma a docente.<\/p>\n<p style=\"text-align: justify;\">Fonte: ADUFPB, com informa\u00e7\u00f5es do ANDES-SN<\/p>\n","protected":false},"excerpt":{"rendered":"<p>No dia 15 de mar\u00e7o, docentes de todo o pa\u00eds participar\u00e3o de um grande Dia Nacional de Greves, Paralisa\u00e7\u00f5es e Mobiliza\u00e7\u00f5es na perspectiva da constru\u00e7\u00e3o da greve geral contra a Proposta de Emenda \u00e0 Constitui\u00e7\u00e3o (PEC) 287\/2016, que institui a Reforma da Previd\u00eancia. At\u00e9 l\u00e1, as institui\u00e7\u00f5es federais de ensino t\u00eam cumprido uma agenda de&hellip;<\/p>\n","protected":false},"author":4,"featured_media":0,"comment_status":"closed","ping_status":"closed","sticky":false,"template":"","format":"standard","meta":{"footnotes":""},"categories":[15],"tags":[],"class_list":["post-15550","post","type-post","status-publish","format-standard","hentry","category-noticias","category-15","description-off"],"_links":{"self":[{"href":"https:\/\/www.adufpb.org.br\/site\/wp-json\/wp\/v2\/posts\/15550","targetHints":{"allow":["GET"]}}],"collection":[{"href":"https:\/\/www.adufpb.org.br\/site\/wp-json\/wp\/v2\/posts"}],"about":[{"href":"https:\/\/www.adufpb.org.br\/site\/wp-json\/wp\/v2\/types\/post"}],"author":[{"embeddable":true,"href":"https:\/\/www.adufpb.org.br\/site\/wp-json\/wp\/v2\/users\/4"}],"replies":[{"embeddable":true,"href":"https:\/\/www.adufpb.org.br\/site\/wp-json\/wp\/v2\/comments?post=15550"}],"version-history":[{"count":3,"href":"https:\/\/www.adufpb.org.br\/site\/wp-json\/wp\/v2\/posts\/15550\/revisions"}],"predecessor-version":[{"id":15552,"href":"https:\/\/www.adufpb.org.br\/site\/wp-json\/wp\/v2\/posts\/15550\/revisions\/15552"}],"wp:attachment":[{"href":"https:\/\/www.adufpb.org.br\/site\/wp-json\/wp\/v2\/media?parent=15550"}],"wp:term":[{"taxonomy":"category","embeddable":true,"href":"https:\/\/www.adufpb.org.br\/site\/wp-json\/wp\/v2\/categories?post=15550"},{"taxonomy":"post_tag","embeddable":true,"href":"https:\/\/www.adufpb.org.br\/site\/wp-json\/wp\/v2\/tags?post=15550"}],"curies":[{"name":"wp","href":"https:\/\/api.w.org\/{rel}","templated":true}]}}