{"id":15413,"date":"2017-01-30T11:09:14","date_gmt":"2017-01-30T14:09:14","guid":{"rendered":"http:\/\/www.adufpb.org.br\/site\/?p=15413"},"modified":"2017-01-30T11:11:45","modified_gmt":"2017-01-30T14:11:45","slug":"ato-de-mulheres-no-36o-congresso-denuncia-machismo","status":"publish","type":"post","link":"https:\/\/www.adufpb.org.br\/site\/ato-de-mulheres-no-36o-congresso-denuncia-machismo\/","title":{"rendered":"Ato de mulheres no 36\u00ba Congresso denuncia machismo"},"content":{"rendered":"<p><a href=\"http:\/\/www.adufpb.org.br\/site\/wp-content\/uploads\/2017\/01\/2017.01.23-36-congresso-do-andes-den\u00fancia-ass\u00e9dio.jpg\"><img loading=\"lazy\" decoding=\"async\" class=\"alignright size-medium wp-image-15414\" alt=\"2017.01.23 - 36 congresso do andes - den\u00fancia ass\u00e9dio\" src=\"http:\/\/www.adufpb.org.br\/site\/wp-content\/uploads\/2017\/01\/2017.01.23-36-congresso-do-andes-den\u00fancia-ass\u00e9dio-300x200.jpg\" width=\"300\" height=\"200\" srcset=\"https:\/\/www.adufpb.org.br\/site\/wp-content\/uploads\/2017\/01\/2017.01.23-36-congresso-do-andes-den\u00fancia-ass\u00e9dio-300x200.jpg 300w, https:\/\/www.adufpb.org.br\/site\/wp-content\/uploads\/2017\/01\/2017.01.23-36-congresso-do-andes-den\u00fancia-ass\u00e9dio.jpg 450w\" sizes=\"auto, (max-width: 300px) 100vw, 300px\" \/><\/a>Docentes e trabalhadoras do 36\u00ba Congresso do ANDES-SN realizaram uma manifesta\u00e7\u00e3o na manh\u00e3 deste s\u00e1bado (28), para denunciar casos de machismo e ass\u00e9dio ocorridos no evento e tamb\u00e9m na sociedade. As mulheres ocuparam o palco do Congresso, com cartazes e faixas, e repudiaram as atitudes de viol\u00eancia de g\u00eanero.<\/p>\n<p>As mulheres leram uma declara\u00e7\u00e3o pol\u00edtica, na qual repudiam o machismo na sociedade e nos espa\u00e7os do Sindicato Nacional, se\u00e7\u00f5es sindicais e universidades, e indicaram a constitui\u00e7\u00e3o de uma comiss\u00e3o de mulheres para apurar as den\u00fancias de ass\u00e9dio e machismo nos eventos do ANDES-SN. A comiss\u00e3o ser\u00e1 formada por duas representantes do Grupo de Trabalho de Pol\u00edtica de Classe para Quest\u00f5es \u00c9tnico-Raciais, de G\u00eanero, e de Diversidade Sexual (GTPCEGDS) e por tr\u00eas representantes da se\u00e7\u00e3o sindical que sedie o evento.<\/p>\n<p>L\u00e9lica Lacerda, da Associa\u00e7\u00e3o dos Docentes da Universidade Federal do Mato Grosso (Adufmat \u2013 Se\u00e7\u00e3o Sindical do ANDES-SN), \u00e9 uma das integrantes da comiss\u00e3o instalada no 36\u00ba Congresso. \u201cEu acredito que esse tipo de ass\u00e9dio seja recorrente. Foi um processo que assustou muito a gente, n\u00e3o imagin\u00e1vamos que ocorreria algo nessas propor\u00e7\u00f5es. Foi um ass\u00e9dio generalizado, de v\u00e1rios professores, a v\u00e1rias mulheres e homens. E a gente teve a preocupa\u00e7\u00e3o de criar um instrumento, que traga, al\u00e9m do rep\u00fadio pol\u00edtico, uma resposta institucional da organiza\u00e7\u00e3o do Congresso. A gente entendeu que tinha que dar um respaldo para que as monitoras n\u00e3o tivessem que resolver individualmente essa quest\u00e3o. Assim que denunciamos o ass\u00e9dio no microfone, a rea\u00e7\u00e3o ampliou o ass\u00e9dio, colocando a den\u00fancia das mulheres como quest\u00e3o de exagero ou loucura\u201d, criticou a docente.<\/p>\n<p>Eblin Farage, presidente do ANDES-SN, ressaltou a import\u00e2ncia da manifesta\u00e7\u00e3o das mulheres contra o ass\u00e9dio. \u201cCertamente, essa n\u00e3o foi a primeira vez em que ocorreu um caso de ass\u00e9dio dentro do ANDES-SN, mas foi a primeira vez em que as mulheres, de forma coletiva, t\u00eam a coragem de denunciar. \u00c9 importante que fique marcado, para os homens, que n\u00f3s n\u00e3o vamos tolerar essa cultura do machismo que existe na sociedade. E que um sindicato classista, que tem no horizonte a supera\u00e7\u00e3o dessa sociabilidade opressora, n\u00e3o pode ser conivente com pr\u00e1ticas machistas\u201d, afirmou.<\/p>\n<p>Confira aqui a\u00a0<a href=\"http:\/\/portal.andes.org.br\/imprensa\/noticias\/imp-ult-1963991378.pdf\" target=\"_blank\">carta lida pelas mulheres no 36\u00ba Congresso<\/a>.<\/p>\n<p><strong>Nota da diretoria sobre den\u00fancias de ass\u00e9dio no 36\u00ba Congresso do ANDES-SN<\/strong><\/p>\n<p>A Comiss\u00e3o Organizadora do 36\u00ba\u00a0Congresso do Andes-SN denunciou \u00e0 Plen\u00e1ria, diferentes tipos de ass\u00e9dio sofridos pelas Monitoras que trabalhavam no evento. Uma Comiss\u00e3o foi criada pela ADUFMAT Se\u00e7\u00e3o Sindical, com a participa\u00e7\u00e3o de representantes da Coordena\u00e7\u00e3o do Grupo de Trabalho para Pol\u00edticas de Classe para Quest\u00f5es \u00c9tnico-Raciais Etnia, G\u00eanero e Diversidade Sexual do ANDES-SN. Essa Comiss\u00e3o elaborou um manifesto, organizou oficina de cartazes e promoveu atividade cultural como estrat\u00e9gias educativas, al\u00e9m de apontar recomenda\u00e7\u00f5es para coibir e encaminhar den\u00fancias de ass\u00e9dio em eventos do Sindicato.<\/p>\n<p>A Diretoria do ANDES-SN acolheu as demandas da Comiss\u00e3o, manifesta apoio \u00e0s mulheres que foram assediadas, al\u00e9m de acompanhar o processo de apura\u00e7\u00e3o das den\u00fancias.<\/p>\n<p>Entendemos que o ass\u00e9dio praticado contra a mulher \u00e9 uma quest\u00e3o cultural, n\u00e3o pode ser naturalizado e deve ser combatido em todos os espa\u00e7os do nosso sindicato e na sociedade. Portanto, assumimos o compromisso com o enfrentamento imediato, acolhimento e apura\u00e7\u00e3o das den\u00fancias, al\u00e9m da intensifica\u00e7\u00e3o de atividades de forma\u00e7\u00e3o direcionadas aos professores\/as.<\/p>\n<p>ASS\u00c9DIO: AQUI N\u00c3O TOLERAREMOS!<\/p>\n<p>Cuiab\u00e1, 28 de janeiro de 2017<\/p>\n<p><em>Fonte:\u00a0ANDES-SN<\/em><\/p>\n<p>&nbsp;<\/p>\n","protected":false},"excerpt":{"rendered":"<p>Docentes e trabalhadoras do 36\u00ba Congresso do ANDES-SN realizaram uma manifesta\u00e7\u00e3o na manh\u00e3 deste s\u00e1bado (28), para denunciar casos de machismo e ass\u00e9dio ocorridos no evento e tamb\u00e9m na sociedade. As mulheres ocuparam o palco do Congresso, com cartazes e faixas, e repudiaram as atitudes de viol\u00eancia de g\u00eanero. As mulheres leram uma declara\u00e7\u00e3o pol\u00edtica,&hellip;<\/p>\n","protected":false},"author":3,"featured_media":0,"comment_status":"closed","ping_status":"closed","sticky":false,"template":"","format":"standard","meta":{"footnotes":""},"categories":[15],"tags":[892,935,269,936,827],"class_list":["post-15413","post","type-post","status-publish","format-standard","hentry","category-noticias","tag-36o-congresso-do-andes","tag-assedio","tag-congresso-do-andes","tag-denuncia","tag-machismo","category-15","description-off"],"_links":{"self":[{"href":"https:\/\/www.adufpb.org.br\/site\/wp-json\/wp\/v2\/posts\/15413","targetHints":{"allow":["GET"]}}],"collection":[{"href":"https:\/\/www.adufpb.org.br\/site\/wp-json\/wp\/v2\/posts"}],"about":[{"href":"https:\/\/www.adufpb.org.br\/site\/wp-json\/wp\/v2\/types\/post"}],"author":[{"embeddable":true,"href":"https:\/\/www.adufpb.org.br\/site\/wp-json\/wp\/v2\/users\/3"}],"replies":[{"embeddable":true,"href":"https:\/\/www.adufpb.org.br\/site\/wp-json\/wp\/v2\/comments?post=15413"}],"version-history":[{"count":2,"href":"https:\/\/www.adufpb.org.br\/site\/wp-json\/wp\/v2\/posts\/15413\/revisions"}],"predecessor-version":[{"id":15417,"href":"https:\/\/www.adufpb.org.br\/site\/wp-json\/wp\/v2\/posts\/15413\/revisions\/15417"}],"wp:attachment":[{"href":"https:\/\/www.adufpb.org.br\/site\/wp-json\/wp\/v2\/media?parent=15413"}],"wp:term":[{"taxonomy":"category","embeddable":true,"href":"https:\/\/www.adufpb.org.br\/site\/wp-json\/wp\/v2\/categories?post=15413"},{"taxonomy":"post_tag","embeddable":true,"href":"https:\/\/www.adufpb.org.br\/site\/wp-json\/wp\/v2\/tags?post=15413"}],"curies":[{"name":"wp","href":"https:\/\/api.w.org\/{rel}","templated":true}]}}